{"id":9543,"date":"2024-10-01T16:02:33","date_gmt":"2024-10-01T16:02:33","guid":{"rendered":"https:\/\/munisanjuanermita.gob.gt\/?p=9543"},"modified":"2024-10-03T15:30:03","modified_gmt":"2024-10-03T15:30:03","slug":"celebracion-dia-del-nino","status":"publish","type":"post","link":"https:\/\/munisanjuanermita.gob.gt\/index.php\/2024\/10\/01\/celebracion-dia-del-nino\/","title":{"rendered":"Celebraci\u00f3n D\u00eda del Ni\u00f1o"},"content":{"rendered":"<p style=\"text-align: justify;\">Municipalidad de San Juan Ermita a trav\u00e9s de la Oficina Municipal de la Ni\u00f1ez, Adolescencia y Juventud, y DMM llevaron a cabo la celebraci\u00f3n del D\u00eda del Ni\u00f1o en el parque central donde cientos de ni\u00f1os se hicieron presentes con sus padres para disfrutar de las actividades realizadas.<\/p>\n<p>Seguimos<br \/>\n<a href=\"https:\/\/www.facebook.com\/hashtag\/trabajandosinparar?__eep__=6&amp;__cft__%5b0%5d=AZWEj3IGZEwTvDW94rK_g2IoBFgjAjrlYi7SJ1cxZlaiO5P1dT4_5r3RaxYxVEtehPn5E3mqD2MmqGpvTQxh4SYYBMcqvMe90HDSrmlAzN68YhgAdOrGwUx1inrw4pazKFiU0BCbSG-PDIKy01aruyDlc2E-Ke3viR9Y8C9Symr77-dAU3RA664QikJtaq2Qwq5iDD7h2NhVBdLV7UeaCf7X&amp;__tn__=*NK-R\" target=\"_blank\" rel=\"noopener\">#TrabajandoSinParar<\/a><br \/>\n<a href=\"https:\/\/www.facebook.com\/hashtag\/d%C3%ADadelni%C3%B1o?__eep__=6&amp;__cft__%5b0%5d=AZWEj3IGZEwTvDW94rK_g2IoBFgjAjrlYi7SJ1cxZlaiO5P1dT4_5r3RaxYxVEtehPn5E3mqD2MmqGpvTQxh4SYYBMcqvMe90HDSrmlAzN68YhgAdOrGwUx1inrw4pazKFiU0BCbSG-PDIKy01aruyDlc2E-Ke3viR9Y8C9Symr77-dAU3RA664QikJtaq2Qwq5iDD7h2NhVBdLV7UeaCf7X&amp;__tn__=*NK-R\" target=\"_blank\" rel=\"noopener\">#D\u00edaDelNi\u00f1o<\/a><\/p>\n<p>Video 1\u00a0\u00a0\u00a0\u00a0\u00a0\u00a0\u00a0\u00a0\u00a0\u00a0\u00a0\u00a0\u00a0 Video 2\u00a0\u00a0\u00a0\u00a0\u00a0\u00a0\u00a0\u00a0\u00a0\u00a0\u00a0\u00a0 Video 3\u00a0\u00a0\u00a0\u00a0\u00a0\u00a0\u00a0\u00a0\u00a0\u00a0 \u00a0 Video 4\u00a0\u00a0\u00a0\u00a0\u00a0\u00a0\u00a0\u00a0\u00a0\u00a0\u00a0\u00a0 Video 5<\/p>\n<p><a href=\"https:\/\/www.facebook.com\/61555807018306\/videos\/1462268844451830\/\" target=\"_blank\" rel=\"noopener\"><img loading=\"lazy\" decoding=\"async\" class=\"wp-image-9390 size-full alignleft\" title=\"Ver video 1\" src=\"https:\/\/munisanjuanermita.gob.gt\/wp-content\/uploads\/2024\/09\/video-2024-2.png\" alt=\"\" width=\"80\" height=\"80\" \/><\/a> \u00a0\u00a0\u00a0 <a href=\"https:\/\/www.facebook.com\/61555807018306\/videos\/1189265675480452\/\" target=\"_blank\" rel=\"noopener\"><img loading=\"lazy\" decoding=\"async\" class=\"wp-image-9390 size-full alignleft\" title=\"Ver video 2\" src=\"https:\/\/munisanjuanermita.gob.gt\/wp-content\/uploads\/2024\/09\/video-2024-2.png\" alt=\"\" width=\"80\" height=\"80\" \/><\/a> \u00a0\u00a0\u00a0 <a href=\"https:\/\/www.facebook.com\/61555807018306\/videos\/514512271505089\/\" target=\"_blank\" rel=\"noopener\"><img loading=\"lazy\" decoding=\"async\" class=\"wp-image-9390 size-full alignleft\" title=\"Ver video 3\" src=\"https:\/\/munisanjuanermita.gob.gt\/wp-content\/uploads\/2024\/09\/video-2024-2.png\" alt=\"\" width=\"80\" height=\"80\" \/><\/a> \u00a0\u00a0\u00a0 <a href=\"https:\/\/www.facebook.com\/61555807018306\/videos\/510495538268694\/\" target=\"_blank\" rel=\"noopener\"><img loading=\"lazy\" decoding=\"async\" class=\"wp-image-9390 size-full alignleft\" title=\"Ver video 4\" src=\"https:\/\/munisanjuanermita.gob.gt\/wp-content\/uploads\/2024\/09\/video-2024-2.png\" alt=\"\" width=\"80\" height=\"80\" \/><\/a> \u00a0\u00a0\u00a0 <a href=\"https:\/\/www.facebook.com\/61555807018306\/videos\/440093041904697\/\" target=\"_blank\" rel=\"noopener\"><img loading=\"lazy\" decoding=\"async\" class=\"wp-image-9390 size-full alignleft\" title=\"Ver video 5\" src=\"https:\/\/munisanjuanermita.gob.gt\/wp-content\/uploads\/2024\/09\/video-2024-2.png\" alt=\"\" width=\"80\" height=\"80\" \/><\/a><\/p>\n","protected":false},"excerpt":{"rendered":"<p>Municipalidad de San Juan Ermita a trav\u00e9s de la Oficina Municipal de la Ni\u00f1ez, Adolescencia y Juventud, y DMM llevaron a cabo la celebraci\u00f3n del D\u00eda del Ni\u00f1o en el parque central donde cientos de ni\u00f1os se hicieron presentes con sus padres para disfrutar de las actividades realizadas. Seguimos #TrabajandoSinParar #D\u00edaDelNi\u00f1o Video 1\u00a0\u00a0\u00a0\u00a0\u00a0\u00a0\u00a0\u00a0\u00a0\u00a0\u00a0\u00a0\u00a0 Video 2\u00a0\u00a0\u00a0\u00a0\u00a0\u00a0\u00a0\u00a0\u00a0\u00a0\u00a0\u00a0 [&hellip;]<\/p>\n","protected":false},"author":1,"featured_media":9544,"comment_status":"closed","ping_status":"open","sticky":false,"template":"","format":"video","meta":{"footnotes":""},"categories":[67],"tags":[62],"class_list":["post-9543","post","type-post","status-publish","format-video","has-post-thumbnail","hentry","category-desarrollo-social","tag-portada","post_format-post-format-video"],"_links":{"self":[{"href":"https:\/\/munisanjuanermita.gob.gt\/index.php\/wp-json\/wp\/v2\/posts\/9543","targetHints":{"allow":["GET"]}}],"collection":[{"href":"https:\/\/munisanjuanermita.gob.gt\/index.php\/wp-json\/wp\/v2\/posts"}],"about":[{"href":"https:\/\/munisanjuanermita.gob.gt\/index.php\/wp-json\/wp\/v2\/types\/post"}],"author":[{"embeddable":true,"href":"https:\/\/munisanjuanermita.gob.gt\/index.php\/wp-json\/wp\/v2\/users\/1"}],"replies":[{"embeddable":true,"href":"https:\/\/munisanjuanermita.gob.gt\/index.php\/wp-json\/wp\/v2\/comments?post=9543"}],"version-history":[{"count":7,"href":"https:\/\/munisanjuanermita.gob.gt\/index.php\/wp-json\/wp\/v2\/posts\/9543\/revisions"}],"predecessor-version":[{"id":9551,"href":"https:\/\/munisanjuanermita.gob.gt\/index.php\/wp-json\/wp\/v2\/posts\/9543\/revisions\/9551"}],"wp:featuredmedia":[{"embeddable":true,"href":"https:\/\/munisanjuanermita.gob.gt\/index.php\/wp-json\/wp\/v2\/media\/9544"}],"wp:attachment":[{"href":"https:\/\/munisanjuanermita.gob.gt\/index.php\/wp-json\/wp\/v2\/media?parent=9543"}],"wp:term":[{"taxonomy":"category","embeddable":true,"href":"https:\/\/munisanjuanermita.gob.gt\/index.php\/wp-json\/wp\/v2\/categories?post=9543"},{"taxonomy":"post_tag","embeddable":true,"href":"https:\/\/munisanjuanermita.gob.gt\/index.php\/wp-json\/wp\/v2\/tags?post=9543"}],"curies":[{"name":"wp","href":"https:\/\/api.w.org\/{rel}","templated":true}]}}