{"id":8455,"date":"2024-08-22T15:02:50","date_gmt":"2024-08-22T15:02:50","guid":{"rendered":"https:\/\/munisanjuanermita.gob.gt\/?p=8455"},"modified":"2024-09-06T15:33:35","modified_gmt":"2024-09-06T15:33:35","slug":"capacitacion-y-simulacro-sat-sequia-sistema-de-alerta-temprana-en-sequia","status":"publish","type":"post","link":"https:\/\/munisanjuanermita.gob.gt\/index.php\/2024\/08\/22\/capacitacion-y-simulacro-sat-sequia-sistema-de-alerta-temprana-en-sequia\/","title":{"rendered":"Capacitaci\u00f3n y Simulacro SAT Sequ\u00eda \u00abSistema de Alerta Temprana en Sequ\u00eda\u00bb"},"content":{"rendered":"<p style=\"text-align: justify;\">La Municipalidad de San Juan Ermita, Oficina Municipal de Gesti\u00f3n Integral del Riesgo a Desastres <strong>-OMGIRD-<\/strong> en coordinaci\u00f3n con <strong>Caritas -CRS-<\/strong> llev\u00f3 acabo la capacitaci\u00f3n y Simulacro<strong> SAT<\/strong> Sequ\u00eda \u00abSistema de Alerta Temprana en Sequ\u00eda\u00bb con integrantes de <strong>31<\/strong> <strong>COLRED<\/strong> e integrantes de escuelas de campo ya que el objetivo es fortalecer los conocimientos y capacidades para conocer el flujo de informaci\u00f3n y an\u00e1lisis de datos obtenidos del pluvi\u00f3metro para que se adopte el sistema de alerta temprana en sequ\u00eda para las familias y agricultores del municipio.<\/p>\n<p style=\"text-align: center;\">Seguimos <a href=\"https:\/\/www.facebook.com\/hashtag\/trabajandosinparar?__eep__=6&amp;__cft__%5b0%5d=AZX8zGLkP-fCmsuzPLepO8U5qmsxLt4mhSPxUXNG0WUOtP6-qgxeqLTmwRfrwga5K78kEqQOALYiGC6sN0stW3s3eM0X5ySTH6SwoUjG6gJMogRFbUG_nVVzdEaz-XNf-zVr7LCOZrjMWd3SxCNFIICR38JQ0zGFJqd9bOrXlY5voDmJ_6bxWJoGOrLyisaOzmEmStbBlbG0cLFZIWwSUoPv&amp;__tn__=*NK-R\">#TrabajandoSinParar<\/a><br \/>\n<a href=\"https:\/\/www.facebook.com\/hashtag\/omgird?__eep__=6&amp;__cft__%5b0%5d=AZX8zGLkP-fCmsuzPLepO8U5qmsxLt4mhSPxUXNG0WUOtP6-qgxeqLTmwRfrwga5K78kEqQOALYiGC6sN0stW3s3eM0X5ySTH6SwoUjG6gJMogRFbUG_nVVzdEaz-XNf-zVr7LCOZrjMWd3SxCNFIICR38JQ0zGFJqd9bOrXlY5voDmJ_6bxWJoGOrLyisaOzmEmStbBlbG0cLFZIWwSUoPv&amp;__tn__=*NK-R\">#OMGIRD<\/a><\/p>\n<div><\/div>\n","protected":false},"excerpt":{"rendered":"<p>La Municipalidad de San Juan Ermita, Oficina Municipal de Gesti\u00f3n Integral del Riesgo a Desastres -OMGIRD- en coordinaci\u00f3n con Caritas -CRS- llev\u00f3 acabo la capacitaci\u00f3n y Simulacro SAT Sequ\u00eda \u00abSistema de Alerta Temprana en Sequ\u00eda\u00bb con integrantes de 31 COLRED e integrantes de escuelas de campo ya que el objetivo es fortalecer los conocimientos y [&hellip;]<\/p>\n","protected":false},"author":1,"featured_media":8463,"comment_status":"closed","ping_status":"open","sticky":false,"template":"","format":"standard","meta":{"footnotes":""},"categories":[72],"tags":[],"class_list":["post-8455","post","type-post","status-publish","format-standard","has-post-thumbnail","hentry","category-seguridad"],"_links":{"self":[{"href":"https:\/\/munisanjuanermita.gob.gt\/index.php\/wp-json\/wp\/v2\/posts\/8455","targetHints":{"allow":["GET"]}}],"collection":[{"href":"https:\/\/munisanjuanermita.gob.gt\/index.php\/wp-json\/wp\/v2\/posts"}],"about":[{"href":"https:\/\/munisanjuanermita.gob.gt\/index.php\/wp-json\/wp\/v2\/types\/post"}],"author":[{"embeddable":true,"href":"https:\/\/munisanjuanermita.gob.gt\/index.php\/wp-json\/wp\/v2\/users\/1"}],"replies":[{"embeddable":true,"href":"https:\/\/munisanjuanermita.gob.gt\/index.php\/wp-json\/wp\/v2\/comments?post=8455"}],"version-history":[{"count":1,"href":"https:\/\/munisanjuanermita.gob.gt\/index.php\/wp-json\/wp\/v2\/posts\/8455\/revisions"}],"predecessor-version":[{"id":8470,"href":"https:\/\/munisanjuanermita.gob.gt\/index.php\/wp-json\/wp\/v2\/posts\/8455\/revisions\/8470"}],"wp:featuredmedia":[{"embeddable":true,"href":"https:\/\/munisanjuanermita.gob.gt\/index.php\/wp-json\/wp\/v2\/media\/8463"}],"wp:attachment":[{"href":"https:\/\/munisanjuanermita.gob.gt\/index.php\/wp-json\/wp\/v2\/media?parent=8455"}],"wp:term":[{"taxonomy":"category","embeddable":true,"href":"https:\/\/munisanjuanermita.gob.gt\/index.php\/wp-json\/wp\/v2\/categories?post=8455"},{"taxonomy":"post_tag","embeddable":true,"href":"https:\/\/munisanjuanermita.gob.gt\/index.php\/wp-json\/wp\/v2\/tags?post=8455"}],"curies":[{"name":"wp","href":"https:\/\/api.w.org\/{rel}","templated":true}]}}