{"id":7814,"date":"2024-07-18T10:03:03","date_gmt":"2024-07-18T10:03:03","guid":{"rendered":"https:\/\/munisanjuanermita.gob.gt\/?p=7814"},"modified":"2024-07-30T18:37:07","modified_gmt":"2024-07-30T18:37:07","slug":"se-realizo-el-taller-por-parte-de-fao","status":"publish","type":"post","link":"https:\/\/munisanjuanermita.gob.gt\/index.php\/2024\/07\/18\/se-realizo-el-taller-por-parte-de-fao\/","title":{"rendered":"TALLER SOBRE LA MICROCUENCA POR PARTE DE FAO"},"content":{"rendered":"<div class=\"x11i5rnm xat24cr x1mh8g0r x1vvkbs xtlvy1s x126k92a\">\n<div dir=\"auto\" style=\"text-align: justify;\">Se realiz\u00f3 el Taller por parte de FAO para organizar, planificar e implementar buenas pr\u00e1cticas dentro de la Microcuenca del R\u00edo Karkaj dirigido a representantes comunitarios, contando con la participaci\u00f3n de Plan Trifinio, MAGA, Visi\u00f3n Mundial y Municipalidad, en donde tambi\u00e9n se llev\u00f3 a cabo la conformaci\u00f3n del comit\u00e9 de manejo integrado de la microcuenca.<\/div>\n<div dir=\"auto\"><\/div>\n<\/div>\n<div class=\"x11i5rnm xat24cr x1mh8g0r x1vvkbs xtlvy1s x126k92a\">\n<div dir=\"auto\">Seguimos <span class=\"html-span xdj266r x11i5rnm xat24cr x1mh8g0r xexx8yu x4uap5 x18d9i69 xkhd6sd x1hl2dhg x16tdsg8 x1vvkbs\"><a class=\"x1i10hfl xjbqb8w x1ejq31n xd10rxx x1sy0etr x17r0tee x972fbf xcfux6l x1qhh985 xm0m39n x9f619 x1ypdohk xt0psk2 xe8uvvx xdj266r x11i5rnm xat24cr x1mh8g0r xexx8yu x4uap5 x18d9i69 xkhd6sd x16tdsg8 x1hl2dhg xggy1nq x1a2a7pz x1sur9pj xkrqix3 x1fey0fg xo1l8bm\" tabindex=\"0\" role=\"link\" href=\"https:\/\/www.facebook.com\/hashtag\/trabajandosinparar?__eep__=6&amp;__cft__[0]=AZV94Z423T1D3nl9unKh9qd0RWpxLCoCKaz2Yw1oRNLZZ4uJQMJVQvLe0Mk09ZnE-f_whVdulENBCPn7vNN3W23XXnSrtwKgFb5ywCPZMeaI4beyWtEdi3SFNg_Zs4E4rQwUY_uGBdCbHxUEDNX4Bqt7fahBZ-4_-gzxtaDDAcH_wI8965lRFveAabxXY6jFpcPxGhpPTyrQNXEkRBJxyC9b&amp;__tn__=*NK-R\">#TrabajandoSinParar<\/a><\/span><\/div>\n<\/div>\n<p>&nbsp;<\/p>\n<p>&nbsp;<\/p>\n<div><\/div>\n<p>&nbsp;<\/p>\n","protected":false},"excerpt":{"rendered":"<p>Se realiz\u00f3 el Taller por parte de FAO para organizar, planificar e implementar buenas pr\u00e1cticas dentro de la Microcuenca del R\u00edo Karkaj dirigido a representantes comunitarios, contando con la participaci\u00f3n de Plan Trifinio, MAGA, Visi\u00f3n Mundial y Municipalidad, en donde tambi\u00e9n se llev\u00f3 a cabo la conformaci\u00f3n del comit\u00e9 de manejo integrado de la microcuenca. [&hellip;]<\/p>\n","protected":false},"author":1,"featured_media":7815,"comment_status":"closed","ping_status":"open","sticky":false,"template":"","format":"gallery","meta":{"footnotes":""},"categories":[68],"tags":[62],"class_list":["post-7814","post","type-post","status-publish","format-gallery","has-post-thumbnail","hentry","category-participacion-ciudadana","tag-portada","post_format-post-format-gallery"],"_links":{"self":[{"href":"https:\/\/munisanjuanermita.gob.gt\/index.php\/wp-json\/wp\/v2\/posts\/7814","targetHints":{"allow":["GET"]}}],"collection":[{"href":"https:\/\/munisanjuanermita.gob.gt\/index.php\/wp-json\/wp\/v2\/posts"}],"about":[{"href":"https:\/\/munisanjuanermita.gob.gt\/index.php\/wp-json\/wp\/v2\/types\/post"}],"author":[{"embeddable":true,"href":"https:\/\/munisanjuanermita.gob.gt\/index.php\/wp-json\/wp\/v2\/users\/1"}],"replies":[{"embeddable":true,"href":"https:\/\/munisanjuanermita.gob.gt\/index.php\/wp-json\/wp\/v2\/comments?post=7814"}],"version-history":[{"count":3,"href":"https:\/\/munisanjuanermita.gob.gt\/index.php\/wp-json\/wp\/v2\/posts\/7814\/revisions"}],"predecessor-version":[{"id":7980,"href":"https:\/\/munisanjuanermita.gob.gt\/index.php\/wp-json\/wp\/v2\/posts\/7814\/revisions\/7980"}],"wp:featuredmedia":[{"embeddable":true,"href":"https:\/\/munisanjuanermita.gob.gt\/index.php\/wp-json\/wp\/v2\/media\/7815"}],"wp:attachment":[{"href":"https:\/\/munisanjuanermita.gob.gt\/index.php\/wp-json\/wp\/v2\/media?parent=7814"}],"wp:term":[{"taxonomy":"category","embeddable":true,"href":"https:\/\/munisanjuanermita.gob.gt\/index.php\/wp-json\/wp\/v2\/categories?post=7814"},{"taxonomy":"post_tag","embeddable":true,"href":"https:\/\/munisanjuanermita.gob.gt\/index.php\/wp-json\/wp\/v2\/tags?post=7814"}],"curies":[{"name":"wp","href":"https:\/\/api.w.org\/{rel}","templated":true}]}}