{"id":6527,"date":"2024-01-28T23:14:28","date_gmt":"2024-01-28T23:14:28","guid":{"rendered":"https:\/\/munisanjuanermita.gob.gt\/?p=6527"},"modified":"2024-02-19T18:14:55","modified_gmt":"2024-02-19T18:14:55","slug":"reorganizacion-del-nuevo-consejo-comunitario-de-desarrollo-cocode-aldea-el-coco","status":"publish","type":"post","link":"https:\/\/munisanjuanermita.gob.gt\/index.php\/2024\/01\/28\/reorganizacion-del-nuevo-consejo-comunitario-de-desarrollo-cocode-aldea-el-coco\/","title":{"rendered":"Reorganizaci\u00f3n del nuevo consejo comunitario de desarrollo (COCODE) Aldea el Coco"},"content":{"rendered":"<div class=\"x11i5rnm xat24cr x1mh8g0r x1vvkbs xtlvy1s x126k92a\">\n<div dir=\"auto\" style=\"text-align: justify;\">El d\u00eda viernes 26 de enero del presente a\u00f1o, los vecinos de la Aldea el Coco, en forma democr\u00e1tica y participativa eligieron a los nuevos integrantes del Consejo Comunitario de Desarrollo (COCODE) quienes asumieron la responsabilidad de velar por el bien com\u00fan de su comunidad, esto con el apoyo de la Unidad de COCODEs quienes hicieron acto de presencia.<\/div>\n<div dir=\"auto\" style=\"text-align: justify;\">Quedando de la siguiente manera:<\/div>\n<\/div>\n<div class=\"x11i5rnm xat24cr x1mh8g0r x1vvkbs xtlvy1s x126k92a\">\n<div dir=\"auto\" style=\"text-align: justify;\">Presidente: Jos\u00e9 Luis Marcos<\/div>\n<div dir=\"auto\" style=\"text-align: justify;\">Vicepresidente: Gregorio P\u00e9rez<\/div>\n<div dir=\"auto\" style=\"text-align: justify;\">Secretario: No\u00e9 Portillo<\/div>\n<div dir=\"auto\" style=\"text-align: justify;\">Tesorera: Karen Mart\u00ednez<\/div>\n<div dir=\"auto\" style=\"text-align: justify;\">Vocal I: Exel\u00ed M\u00e9ndez<\/div>\n<div dir=\"auto\" style=\"text-align: justify;\">Vocal II: Mar\u00eda Rosario Reyes<\/div>\n<div dir=\"auto\" style=\"text-align: justify;\">Vocal III: Leonel Garc\u00eda<\/div>\n<\/div>\n<p>&nbsp;<\/p>\n<p>&nbsp;<\/p>\n<div><\/div>\n","protected":false},"excerpt":{"rendered":"<p>El d\u00eda viernes 26 de enero del presente a\u00f1o, los vecinos de la Aldea el Coco, en forma democr\u00e1tica y participativa eligieron a los nuevos integrantes del Consejo Comunitario de Desarrollo (COCODE) quienes asumieron la responsabilidad de velar por el bien com\u00fan de su comunidad, esto con el apoyo de la Unidad de COCODEs quienes [&hellip;]<\/p>\n","protected":false},"author":1,"featured_media":6522,"comment_status":"closed","ping_status":"open","sticky":false,"template":"","format":"gallery","meta":{"footnotes":""},"categories":[68],"tags":[62],"class_list":["post-6527","post","type-post","status-publish","format-gallery","has-post-thumbnail","hentry","category-participacion-ciudadana","tag-portada","post_format-post-format-gallery"],"_links":{"self":[{"href":"https:\/\/munisanjuanermita.gob.gt\/index.php\/wp-json\/wp\/v2\/posts\/6527","targetHints":{"allow":["GET"]}}],"collection":[{"href":"https:\/\/munisanjuanermita.gob.gt\/index.php\/wp-json\/wp\/v2\/posts"}],"about":[{"href":"https:\/\/munisanjuanermita.gob.gt\/index.php\/wp-json\/wp\/v2\/types\/post"}],"author":[{"embeddable":true,"href":"https:\/\/munisanjuanermita.gob.gt\/index.php\/wp-json\/wp\/v2\/users\/1"}],"replies":[{"embeddable":true,"href":"https:\/\/munisanjuanermita.gob.gt\/index.php\/wp-json\/wp\/v2\/comments?post=6527"}],"version-history":[{"count":1,"href":"https:\/\/munisanjuanermita.gob.gt\/index.php\/wp-json\/wp\/v2\/posts\/6527\/revisions"}],"predecessor-version":[{"id":6528,"href":"https:\/\/munisanjuanermita.gob.gt\/index.php\/wp-json\/wp\/v2\/posts\/6527\/revisions\/6528"}],"wp:featuredmedia":[{"embeddable":true,"href":"https:\/\/munisanjuanermita.gob.gt\/index.php\/wp-json\/wp\/v2\/media\/6522"}],"wp:attachment":[{"href":"https:\/\/munisanjuanermita.gob.gt\/index.php\/wp-json\/wp\/v2\/media?parent=6527"}],"wp:term":[{"taxonomy":"category","embeddable":true,"href":"https:\/\/munisanjuanermita.gob.gt\/index.php\/wp-json\/wp\/v2\/categories?post=6527"},{"taxonomy":"post_tag","embeddable":true,"href":"https:\/\/munisanjuanermita.gob.gt\/index.php\/wp-json\/wp\/v2\/tags?post=6527"}],"curies":[{"name":"wp","href":"https:\/\/api.w.org\/{rel}","templated":true}]}}