{"id":6024,"date":"2023-09-27T18:09:55","date_gmt":"2023-09-27T18:09:55","guid":{"rendered":"https:\/\/munisanjuanermita.gob.gt\/?p=6024"},"modified":"2023-09-28T16:13:23","modified_gmt":"2023-09-28T16:13:23","slug":"reunion-comusan-mes-de-septiembre","status":"publish","type":"post","link":"https:\/\/munisanjuanermita.gob.gt\/index.php\/2023\/09\/27\/reunion-comusan-mes-de-septiembre\/","title":{"rendered":"Reuni\u00f3n COMUSAN mes de septiembre"},"content":{"rendered":"<p style=\"text-align: justify;\">Esta ma\u00f1ana se llev\u00f3 a cabo la reuni\u00f3n mensual de la Comisi\u00f3n Municipal de Seguridad Alimentaria y Nutricional (<strong>COMUSAN<\/strong>) correspondiente al mes de septiembre, en las instalaciones del Sal\u00f3n Mayor de la Municipalidad de San Juan Ermita. La cual fue coordinada por la Direcci\u00f3n Municipal de Seguridad Alimentaria y Nutricional (<strong>DIMSAN<\/strong>). En esta reuni\u00f3n participaron algunas de las instituciones que trabajan en la seguridad alimentaria del municipio.<\/p>\n<p style=\"text-align: justify;\">Los temas abordados durante la reuni\u00f3n fueron los siguientes:<\/p>\n<ul style=\"text-align: justify;\">\n<li>Presentaci\u00f3n del Programa Conjunto, por t\u00e9cnico de la <strong>FAO<\/strong> en el que se explicaron las \u00e1reas tem\u00e1ticas de importancia para el programa: a) Desarrollo de Capacidades, b) Protecci\u00f3n de los Recursos Naturales, c) Empoderamiento Rural Sostenible, d) Gesti\u00f3n del Riesgo, por Ing. Carlos Ram\u00edrez; t\u00e9cnico de la <strong>FAO<\/strong>.<\/li>\n<li>Presentaci\u00f3n de la sala <strong>PROSAN<\/strong> (Promoci\u00f3n de la Seguridad Alimentaria y Nutricional), casos de ni\u00f1os en riesgo de desnutrici\u00f3n, n\u00famero de mujeres en estado gestaci\u00f3n y la situaci\u00f3n actual del Dengue y sus medidas preventivas, por Claudia Sandoval; representante del Centro de Salud.<\/li>\n<li>Socializaci\u00f3n de spots radiales, en seguimiento a la estrategia de Comunicaci\u00f3n para el Cambio Social y de Comportamiento, por Lcda. Anabela Morales, representante de <strong>HELVETAS<\/strong>\/<strong>UNICEF<\/strong>.<\/li>\n<\/ul>\n<p style=\"text-align: center;\">\ud835\uddda\ud835\uddf2\ud835\ude00\ud835\ude01\ud835\uddf6\ud835\uddfc\u0301\ud835\uddfb \ud835\udde0\ud835\ude02\ud835\uddfb\ud835\uddf6\ud835\uddf0\ud835\uddf6\ud835\uddfd\ud835\uddee\ud835\uddf9 \ud835\udfee\ud835\udfec\ud835\udfee\ud835\udfec-\ud835\udfee\ud835\udfec\ud835\udfee\ud835\udff0<\/p>\n<p style=\"text-align: justify;\"><a href=\"https:\/\/www.facebook.com\/hashtag\/juntosharemosmasquehistoria?__eep__=6&amp;__cft__[0]=AZWs7lNW8VentkUg9G5TsQM9UIZ5mZtVezDtmNNnT6NqeTSIWiWtj63RDXTf6layaQzvRCo4PFBjj9Dle7ipmmH7Mr1rAFFnxN7CZVhV5dpXu3uxS10sUnDOLHWv0lLBe3czlh1ij8aoSOyVO704ibocBgisYqu8pjRwVQ84f4fW_WvjO8X4LH7GcYWr1wwMnRg&amp;__tn__=*NK-R\" target=\"_blank\" rel=\"noopener\">#juntosharemosmasquehistoria<\/a><br \/>\n<a href=\"https:\/\/www.facebook.com\/hashtag\/municipalidaddesanjuanermita?__eep__=6&amp;__cft__[0]=AZWs7lNW8VentkUg9G5TsQM9UIZ5mZtVezDtmNNnT6NqeTSIWiWtj63RDXTf6layaQzvRCo4PFBjj9Dle7ipmmH7Mr1rAFFnxN7CZVhV5dpXu3uxS10sUnDOLHWv0lLBe3czlh1ij8aoSOyVO704ibocBgisYqu8pjRwVQ84f4fW_WvjO8X4LH7GcYWr1wwMnRg&amp;__tn__=*NK-R\" target=\"_blank\" rel=\"noopener\">#municipalidaddesanjuanermita<\/a><\/p>\n<div><\/div>\n","protected":false},"excerpt":{"rendered":"<p>Esta ma\u00f1ana se llev\u00f3 a cabo la reuni\u00f3n mensual de la Comisi\u00f3n Municipal de Seguridad Alimentaria y Nutricional (COMUSAN) correspondiente al mes de septiembre, en las instalaciones del Sal\u00f3n Mayor de la Municipalidad de San Juan Ermita. La cual fue coordinada por la Direcci\u00f3n Municipal de Seguridad Alimentaria y Nutricional (DIMSAN). En esta reuni\u00f3n participaron [&hellip;]<\/p>\n","protected":false},"author":1,"featured_media":6028,"comment_status":"closed","ping_status":"open","sticky":false,"template":"","format":"gallery","meta":{"footnotes":""},"categories":[89],"tags":[62],"class_list":["post-6024","post","type-post","status-publish","format-gallery","has-post-thumbnail","hentry","category-seguridad-alimentaria-y-nutricional","tag-portada","post_format-post-format-gallery"],"_links":{"self":[{"href":"https:\/\/munisanjuanermita.gob.gt\/index.php\/wp-json\/wp\/v2\/posts\/6024","targetHints":{"allow":["GET"]}}],"collection":[{"href":"https:\/\/munisanjuanermita.gob.gt\/index.php\/wp-json\/wp\/v2\/posts"}],"about":[{"href":"https:\/\/munisanjuanermita.gob.gt\/index.php\/wp-json\/wp\/v2\/types\/post"}],"author":[{"embeddable":true,"href":"https:\/\/munisanjuanermita.gob.gt\/index.php\/wp-json\/wp\/v2\/users\/1"}],"replies":[{"embeddable":true,"href":"https:\/\/munisanjuanermita.gob.gt\/index.php\/wp-json\/wp\/v2\/comments?post=6024"}],"version-history":[{"count":3,"href":"https:\/\/munisanjuanermita.gob.gt\/index.php\/wp-json\/wp\/v2\/posts\/6024\/revisions"}],"predecessor-version":[{"id":6035,"href":"https:\/\/munisanjuanermita.gob.gt\/index.php\/wp-json\/wp\/v2\/posts\/6024\/revisions\/6035"}],"wp:featuredmedia":[{"embeddable":true,"href":"https:\/\/munisanjuanermita.gob.gt\/index.php\/wp-json\/wp\/v2\/media\/6028"}],"wp:attachment":[{"href":"https:\/\/munisanjuanermita.gob.gt\/index.php\/wp-json\/wp\/v2\/media?parent=6024"}],"wp:term":[{"taxonomy":"category","embeddable":true,"href":"https:\/\/munisanjuanermita.gob.gt\/index.php\/wp-json\/wp\/v2\/categories?post=6024"},{"taxonomy":"post_tag","embeddable":true,"href":"https:\/\/munisanjuanermita.gob.gt\/index.php\/wp-json\/wp\/v2\/tags?post=6024"}],"curies":[{"name":"wp","href":"https:\/\/api.w.org\/{rel}","templated":true}]}}