{"id":5541,"date":"2023-04-15T20:45:02","date_gmt":"2023-04-15T20:45:02","guid":{"rendered":"https:\/\/munisanjuanermita.gob.gt\/?p=5541"},"modified":"2023-05-24T16:14:41","modified_gmt":"2023-05-24T16:14:41","slug":"reunion-mensual-de-la-comision-municipal-de-seguridad-alimentaria-y-nutricional-comusan","status":"publish","type":"post","link":"https:\/\/munisanjuanermita.gob.gt\/index.php\/2023\/04\/15\/reunion-mensual-de-la-comision-municipal-de-seguridad-alimentaria-y-nutricional-comusan\/","title":{"rendered":"Reuni\u00f3n mensual de la Comisi\u00f3n Municipal de Seguridad Alimentaria y Nutricional -COMUSAN-"},"content":{"rendered":"<p style=\"text-align: justify;\">Esta ma\u00f1ana se llev\u00f3 la reuni\u00f3n mensual de la Comisi\u00f3n Municipal de Seguridad Alimentaria y Nutricional <strong>-COMUSAN-<\/strong>, coordinada por la Direcci\u00f3n Municipal de Seguridad Alimentaria y Nutricional <strong>-DIMSAN<\/strong>, de la municipalidad de San Juan Ermita. Con la participaci\u00f3n de los principales actores en trabajar por mejorar la seguridad alimentaria y nutricional en el municipio.<\/p>\n<p style=\"text-align: justify;\">Los temas tratados en esta reuni\u00f3n fueron los siguientes:<\/p>\n<ul>\n<li style=\"text-align: justify;\">Presentaci\u00f3n de nuevos integrantes del Programa Conjunto con fondos de Suecia.<\/li>\n<li style=\"text-align: justify;\">Presentaci\u00f3n de nuevas comunidades a intervenir en el a\u00f1o 2023 por el programa conjunto.<\/li>\n<li style=\"text-align: justify;\">Presentaci\u00f3n de la estrategia: \u201cLa Gran Cruzada Nacional por la Nutrici\u00f3n\u201d, la cual busca mejorar la salud y nutrici\u00f3n de los grupos de poblaci\u00f3n m\u00e1s vulnerables en todo el pa\u00eds.<\/li>\n<li style=\"text-align: justify;\">Personal de la <strong>SESAN<\/strong>, presentaron diferentes actividades contempladas dentro de la Estrategia la Gran Cruzada Nacional por la Nutrici\u00f3n, como lo son: Diplomado Express, Agentes de Cambio y Coraz\u00f3n Contento.<\/li>\n<li style=\"text-align: justify;\">Presentaci\u00f3n de Sala Situacional de <strong>PROSAN<\/strong>, por parte de personal de la <strong>OPS\/DAS<\/strong>, donde se mencionaron nuevos casos detectados de desnutrici\u00f3n aguda.<\/li>\n<li style=\"text-align: justify;\">Tema de apoyo, funciones del <strong>COCODE<\/strong>, priorizaci\u00f3n de l\u00edneas de acci\u00f3n de la estrategia por La Gran Cruzada Nacional por la Nutrici\u00f3n.<\/li>\n<li style=\"text-align: justify;\">Construcci\u00f3n de guiones radiof\u00f3nicos y grabaci\u00f3n de spot radiales, coordinado por personal de <strong>HELTEVAS-UNICEF<\/strong>.<\/li>\n<li style=\"text-align: justify;\">Presentaci\u00f3n del componente de Vivienda y Entornos Saludables del Proyecto Atenci\u00f3n Primaria en Salud y Nutrici\u00f3n (<strong>APS<\/strong> y Nutrici\u00f3n), por personal de la <strong>OPS<\/strong>.<\/li>\n<\/ul>\n<p style=\"text-align: center;\">\ud835\uddda\ud835\uddf2\ud835\ude00\ud835\ude01\ud835\uddf6\ud835\uddfc\u0301\ud835\uddfb \ud835\udde0\ud835\ude02\ud835\uddfb\ud835\uddf6\ud835\uddf0\ud835\uddf6\ud835\uddfd\ud835\uddee\ud835\uddf9 \ud835\udfee\ud835\udfec\ud835\udfee\ud835\udfec-\ud835\udfee\ud835\udfec\ud835\udfee\ud835\udff0<\/p>\n<p><a href=\"https:\/\/www.facebook.com\/hashtag\/juntosharemosmasquehistoria?__eep__=6&amp;__cft__%5b0%5d=AZXGHHs55Rs9hMIAaFRmDzQSzfpD9rYzo_nWSIH1pdH7YJsRLXb7XK2jbGeoj2Npe9pCWcSlgbaM7EX2BsJGV8bWeKFbqJ5t-xoHifh9mc4Vj8PtNLSED6wP0bGNJqWyu-C7_zCFdlYXsWsEoY8vg7r4W6FVX8NTIogRaQRp6O87ZeW6JPKf0chu2G-g5kW_f7U&amp;__tn__=*NK-R\">#juntosharemosmasquehistoria<\/a><br \/>\n<a href=\"https:\/\/www.facebook.com\/hashtag\/municipalidaddesanjuanermita?__eep__=6&amp;__cft__%5b0%5d=AZXGHHs55Rs9hMIAaFRmDzQSzfpD9rYzo_nWSIH1pdH7YJsRLXb7XK2jbGeoj2Npe9pCWcSlgbaM7EX2BsJGV8bWeKFbqJ5t-xoHifh9mc4Vj8PtNLSED6wP0bGNJqWyu-C7_zCFdlYXsWsEoY8vg7r4W6FVX8NTIogRaQRp6O87ZeW6JPKf0chu2G-g5kW_f7U&amp;__tn__=*NK-R\">#municipalidaddesanjuanermita<\/a><br \/>\n<\/p>\n","protected":false},"excerpt":{"rendered":"<p>Esta ma\u00f1ana se llev\u00f3 la reuni\u00f3n mensual de la Comisi\u00f3n Municipal de Seguridad Alimentaria y Nutricional -COMUSAN-, coordinada por la Direcci\u00f3n Municipal de Seguridad Alimentaria y Nutricional -DIMSAN, de la municipalidad de San Juan Ermita. Con la participaci\u00f3n de los principales actores en trabajar por mejorar la seguridad alimentaria y nutricional en el municipio. Los [&hellip;]<\/p>\n","protected":false},"author":1,"featured_media":5548,"comment_status":"closed","ping_status":"open","sticky":false,"template":"","format":"standard","meta":{"footnotes":""},"categories":[68],"tags":[62],"class_list":["post-5541","post","type-post","status-publish","format-standard","has-post-thumbnail","hentry","category-participacion-ciudadana","tag-portada"],"_links":{"self":[{"href":"https:\/\/munisanjuanermita.gob.gt\/index.php\/wp-json\/wp\/v2\/posts\/5541","targetHints":{"allow":["GET"]}}],"collection":[{"href":"https:\/\/munisanjuanermita.gob.gt\/index.php\/wp-json\/wp\/v2\/posts"}],"about":[{"href":"https:\/\/munisanjuanermita.gob.gt\/index.php\/wp-json\/wp\/v2\/types\/post"}],"author":[{"embeddable":true,"href":"https:\/\/munisanjuanermita.gob.gt\/index.php\/wp-json\/wp\/v2\/users\/1"}],"replies":[{"embeddable":true,"href":"https:\/\/munisanjuanermita.gob.gt\/index.php\/wp-json\/wp\/v2\/comments?post=5541"}],"version-history":[{"count":5,"href":"https:\/\/munisanjuanermita.gob.gt\/index.php\/wp-json\/wp\/v2\/posts\/5541\/revisions"}],"predecessor-version":[{"id":5654,"href":"https:\/\/munisanjuanermita.gob.gt\/index.php\/wp-json\/wp\/v2\/posts\/5541\/revisions\/5654"}],"wp:featuredmedia":[{"embeddable":true,"href":"https:\/\/munisanjuanermita.gob.gt\/index.php\/wp-json\/wp\/v2\/media\/5548"}],"wp:attachment":[{"href":"https:\/\/munisanjuanermita.gob.gt\/index.php\/wp-json\/wp\/v2\/media?parent=5541"}],"wp:term":[{"taxonomy":"category","embeddable":true,"href":"https:\/\/munisanjuanermita.gob.gt\/index.php\/wp-json\/wp\/v2\/categories?post=5541"},{"taxonomy":"post_tag","embeddable":true,"href":"https:\/\/munisanjuanermita.gob.gt\/index.php\/wp-json\/wp\/v2\/tags?post=5541"}],"curies":[{"name":"wp","href":"https:\/\/api.w.org\/{rel}","templated":true}]}}