{"id":5400,"date":"2023-03-30T20:49:48","date_gmt":"2023-03-30T20:49:48","guid":{"rendered":"https:\/\/munisanjuanermita.gob.gt\/?p=5400"},"modified":"2023-04-03T15:29:10","modified_gmt":"2023-04-03T15:29:10","slug":"trabajo-de-ronda-corta-fuegos-en-el-bosque-de-minas-arriba","status":"publish","type":"post","link":"https:\/\/munisanjuanermita.gob.gt\/index.php\/2023\/03\/30\/trabajo-de-ronda-corta-fuegos-en-el-bosque-de-minas-arriba\/","title":{"rendered":"Trabajo de ronda corta fuegos en el bosque de Minas Arriba"},"content":{"rendered":"<p style=\"text-align: justify;\">Teniendo en cuenta que se aproxima la temporada m\u00e1s seca y de temperaturas m\u00e1s altas, que es cuando generalmente se producen incendios, la Municipalidad de San Juan Ermita en coordinaci\u00f3n con el Programa Mundial de Alimentos (PMA), realiz\u00f3 con el apoyo de un grupo de mujeres del proyecto <strong><a href=\"https:\/\/www.facebook.com\/hashtag\/proresiliencia?__eep__=6&amp;__cft__%5b0%5d=AZUAtmN3EhDANCvfmCVz1l9YbY0yxza36MQ2Mms8tKvpKqcEsy5d9eOGPXyom78XTIc7zlAqPZq3q_di40pAptpuboLhK_wHfVO_znNDArTwrbItT7mYDQqIVQS4Qq5O6GZbhNLm3fJ3sMwBcJGX40vQ3U_WGSlfsN8Kk_5TGHPQMRkgosyL2dkoOkusULix150&amp;__tn__=*NK-R\" target=\"_blank\" rel=\"noopener\">#ProResiliencia<\/a><\/strong>, un trabajo de ronda corta fuegos en el bosque de Minas Arriba, para mitigar los da\u00f1os que puedan ser ocasionados por incendios no controlados.<\/p>\n<p style=\"text-align: center;\">\ud835\uddda\ud835\uddf2\ud835\ude00\ud835\ude01\ud835\uddf6\ud835\uddfc\u0301\ud835\uddfb \ud835\udde0\ud835\ude02\ud835\uddfb\ud835\uddf6\ud835\uddf0\ud835\uddf6\ud835\uddfd\ud835\uddee\ud835\uddf9 \ud835\udfee\ud835\udfec\ud835\udfee\ud835\udfec-\ud835\udfee\ud835\udfec\ud835\udfee\ud835\udff0<\/p>\n<p><a href=\"https:\/\/www.facebook.com\/hashtag\/juntosharemosmasquehistoria?__eep__=6&amp;__cft__%5b0%5d=AZUAtmN3EhDANCvfmCVz1l9YbY0yxza36MQ2Mms8tKvpKqcEsy5d9eOGPXyom78XTIc7zlAqPZq3q_di40pAptpuboLhK_wHfVO_znNDArTwrbItT7mYDQqIVQS4Qq5O6GZbhNLm3fJ3sMwBcJGX40vQ3U_WGSlfsN8Kk_5TGHPQMRkgosyL2dkoOkusULix150&amp;__tn__=*NK-R\" target=\"_blank\" rel=\"noopener\">#juntosharemosmasquehistoria<\/a><br \/>\n<a href=\"https:\/\/www.facebook.com\/hashtag\/municipalidaddesanjuanermita?__eep__=6&amp;__cft__%5b0%5d=AZUAtmN3EhDANCvfmCVz1l9YbY0yxza36MQ2Mms8tKvpKqcEsy5d9eOGPXyom78XTIc7zlAqPZq3q_di40pAptpuboLhK_wHfVO_znNDArTwrbItT7mYDQqIVQS4Qq5O6GZbhNLm3fJ3sMwBcJGX40vQ3U_WGSlfsN8Kk_5TGHPQMRkgosyL2dkoOkusULix150&amp;__tn__=*NK-R\" target=\"_blank\" rel=\"noopener\">#municipalidaddesanjuanermita<\/a><\/p>\n<div><\/div>\n","protected":false},"excerpt":{"rendered":"<p>Teniendo en cuenta que se aproxima la temporada m\u00e1s seca y de temperaturas m\u00e1s altas, que es cuando generalmente se producen incendios, la Municipalidad de San Juan Ermita en coordinaci\u00f3n con el Programa Mundial de Alimentos (PMA), realiz\u00f3 con el apoyo de un grupo de mujeres del proyecto #ProResiliencia, un trabajo de ronda corta fuegos [&hellip;]<\/p>\n","protected":false},"author":1,"featured_media":5401,"comment_status":"closed","ping_status":"open","sticky":false,"template":"","format":"gallery","meta":{"footnotes":""},"categories":[66],"tags":[62],"class_list":["post-5400","post","type-post","status-publish","format-gallery","has-post-thumbnail","hentry","category-medio-ambiente","tag-portada","post_format-post-format-gallery"],"_links":{"self":[{"href":"https:\/\/munisanjuanermita.gob.gt\/index.php\/wp-json\/wp\/v2\/posts\/5400","targetHints":{"allow":["GET"]}}],"collection":[{"href":"https:\/\/munisanjuanermita.gob.gt\/index.php\/wp-json\/wp\/v2\/posts"}],"about":[{"href":"https:\/\/munisanjuanermita.gob.gt\/index.php\/wp-json\/wp\/v2\/types\/post"}],"author":[{"embeddable":true,"href":"https:\/\/munisanjuanermita.gob.gt\/index.php\/wp-json\/wp\/v2\/users\/1"}],"replies":[{"embeddable":true,"href":"https:\/\/munisanjuanermita.gob.gt\/index.php\/wp-json\/wp\/v2\/comments?post=5400"}],"version-history":[{"count":9,"href":"https:\/\/munisanjuanermita.gob.gt\/index.php\/wp-json\/wp\/v2\/posts\/5400\/revisions"}],"predecessor-version":[{"id":5414,"href":"https:\/\/munisanjuanermita.gob.gt\/index.php\/wp-json\/wp\/v2\/posts\/5400\/revisions\/5414"}],"wp:featuredmedia":[{"embeddable":true,"href":"https:\/\/munisanjuanermita.gob.gt\/index.php\/wp-json\/wp\/v2\/media\/5401"}],"wp:attachment":[{"href":"https:\/\/munisanjuanermita.gob.gt\/index.php\/wp-json\/wp\/v2\/media?parent=5400"}],"wp:term":[{"taxonomy":"category","embeddable":true,"href":"https:\/\/munisanjuanermita.gob.gt\/index.php\/wp-json\/wp\/v2\/categories?post=5400"},{"taxonomy":"post_tag","embeddable":true,"href":"https:\/\/munisanjuanermita.gob.gt\/index.php\/wp-json\/wp\/v2\/tags?post=5400"}],"curies":[{"name":"wp","href":"https:\/\/api.w.org\/{rel}","templated":true}]}}