{"id":5375,"date":"2023-03-30T20:14:34","date_gmt":"2023-03-30T20:14:34","guid":{"rendered":"https:\/\/munisanjuanermita.gob.gt\/?p=5375"},"modified":"2023-04-03T15:07:54","modified_gmt":"2023-04-03T15:07:54","slug":"reunion-de-comude-marzo-2023","status":"publish","type":"post","link":"https:\/\/munisanjuanermita.gob.gt\/index.php\/2023\/03\/30\/reunion-de-comude-marzo-2023\/","title":{"rendered":"Reuni\u00f3n de COMUDE Marzo 2023"},"content":{"rendered":"<p style=\"text-align: justify;\">Esta ma\u00f1ana se realiz\u00f3 la tercera reuni\u00f3n Ordinaria del Concejo Municipal de Desarrollo -COMUDE- en las instalaciones del Sal\u00f3n Mayor de la Municipalidad de San Juan Ermita. Contando con la presencia de Autoridades Municipales, presidentes de COCODEs e instituciones y organizaci\u00f3n que brinda cobertura en el municipio.<\/p>\n<p style=\"text-align: justify;\">\ud835\udddf\ud835\uddfc\ud835\ude00 \ud835\ude01\ud835\uddf2\ud835\uddfa\ud835\uddee\ud835\ude00 \ud835\ude01\ud835\uddff\ud835\uddee\ud835\ude01\ud835\uddee\ud835\uddf1\ud835\uddfc\ud835\ude00 \ud835\uddf2\ud835\uddfb \ud835\uddf9\ud835\uddee \ud835\uddee\ud835\uddf4\ud835\uddf2\ud835\uddfb\ud835\uddf1\ud835\uddee \ud835\uddf3\ud835\ude02\ud835\uddf2\ud835\uddff\ud835\uddfc\ud835\uddfb:<\/p>\n<ul>\n<li>Socializaci\u00f3n de la situaci\u00f3n de salud en el municipio, por personal del Centro de Salud de San Juan Ermita; donde se socializ\u00f3 la informaci\u00f3n de que ahora podr\u00e1n inscribir a los reci\u00e9n nacidos a trav\u00e9s de ellos como representantes del Ministerio de Salud y Asistencia Social.<\/li>\n<li>Informaci\u00f3n sobre la exoneraci\u00f3n del Documento Personal de Identificaci\u00f3n (DPI), para personas en situaci\u00f3n de pobreza y pobreza extrema, por personal del Registro Nacional de las Personas <a href=\"https:\/\/www.facebook.com\/hashtag\/renap?__eep__=6&amp;__cft__%5b0%5d=AZVIMDKIaPCjSPczjV7FCbS8N8OQYVirOPbyL2moFNkR-gmJNVsNES7YwKT1qzf-_tc74WT0KnO2-tds05vJhkD5ySB5UtWBpNneb8zlTctYqg8_dQcrpxwsh-SBbIxmyM4tR0RAlvtYp-iG_KmF4rkj2MoE-jHFyd_FgV38H7bPnyByw83hLJemrvDoUQ0FVIY&amp;__tn__=*NK-R\" target=\"_blank\" rel=\"noopener\"><strong>#RENAP<\/strong><\/a><\/li>\n<li>Informaci\u00f3n sobre actividades relacionadas con la fase IV de los Planes de Desarrollo Municipal y Ordenamiento Territorial (PDM-OT), en el municipio de San Juan Ermita.<\/li>\n<li>Intervenci\u00f3n de Consultor Municipal, con informaci\u00f3n sobre la importancia de las dependencias municipales, en este caso: Direcci\u00f3n Municipal de Planificaci\u00f3n, Juntas de Licitaci\u00f3n, Direcci\u00f3n Municipal de la Mujer, y Oficina de Desarrollo Econ\u00f3mico Local.<\/li>\n<li>Reconocimiento por ser el primer Consejo Municipal de Desarrollo a nivel departamental en la integraci\u00f3n, funcionamiento y vigencia del COMUDE, por parte de personal de Consejos Regionales de Desarrollo Urbano y Rural <a href=\"https:\/\/www.facebook.com\/hashtag\/coredur?__eep__=6&amp;__cft__%5b0%5d=AZVIMDKIaPCjSPczjV7FCbS8N8OQYVirOPbyL2moFNkR-gmJNVsNES7YwKT1qzf-_tc74WT0KnO2-tds05vJhkD5ySB5UtWBpNneb8zlTctYqg8_dQcrpxwsh-SBbIxmyM4tR0RAlvtYp-iG_KmF4rkj2MoE-jHFyd_FgV38H7bPnyByw83hLJemrvDoUQ0FVIY&amp;__tn__=*NK-R\" target=\"_blank\" rel=\"noopener\"><strong>#COREDUR<\/strong><\/a><\/li>\n<\/ul>\n<p style=\"text-align: justify;\">En puntos varios hubo participaci\u00f3n de representantes de COCODE, los cuales realizaron solicitudes sobre proyectos para sus comunidades y tambi\u00e9n manifestaron su inquietud sobre algunas situaciones que se han presentado en el municipio.<\/p>\n<p style=\"text-align: center;\"><strong>\ud835\uddda\ud835\uddf2\ud835\ude00\ud835\ude01\ud835\uddf6\ud835\uddfc\u0301\ud835\uddfb \ud835\udde0\ud835\ude02\ud835\uddfb\ud835\uddf6\ud835\uddf0\ud835\uddf6\ud835\uddfd\ud835\uddee\ud835\uddf9 \ud835\udfee\ud835\udfec\ud835\udfee\ud835\udfec-\ud835\udfee\ud835\udfec\ud835\udfee\ud835\udff0<\/strong><\/p>\n<p><a href=\"https:\/\/www.facebook.com\/hashtag\/juntosharemosmasquehistoria?__eep__=6&amp;__cft__%5b0%5d=AZVIMDKIaPCjSPczjV7FCbS8N8OQYVirOPbyL2moFNkR-gmJNVsNES7YwKT1qzf-_tc74WT0KnO2-tds05vJhkD5ySB5UtWBpNneb8zlTctYqg8_dQcrpxwsh-SBbIxmyM4tR0RAlvtYp-iG_KmF4rkj2MoE-jHFyd_FgV38H7bPnyByw83hLJemrvDoUQ0FVIY&amp;__tn__=*NK-R\" target=\"_blank\" rel=\"noopener\">#juntosharemosmasquehistoria<\/a><br \/>\n<a href=\"https:\/\/www.facebook.com\/hashtag\/municipalidaddesanjuanermita?__eep__=6&amp;__cft__%5b0%5d=AZVIMDKIaPCjSPczjV7FCbS8N8OQYVirOPbyL2moFNkR-gmJNVsNES7YwKT1qzf-_tc74WT0KnO2-tds05vJhkD5ySB5UtWBpNneb8zlTctYqg8_dQcrpxwsh-SBbIxmyM4tR0RAlvtYp-iG_KmF4rkj2MoE-jHFyd_FgV38H7bPnyByw83hLJemrvDoUQ0FVIY&amp;__tn__=*NK-R\" target=\"_blank\" rel=\"noopener\">#municipalidaddesanjuanermita<\/a><\/p>\n<div><\/div>\n","protected":false},"excerpt":{"rendered":"<p>Esta ma\u00f1ana se realiz\u00f3 la tercera reuni\u00f3n Ordinaria del Concejo Municipal de Desarrollo -COMUDE- en las instalaciones del Sal\u00f3n Mayor de la Municipalidad de San Juan Ermita. Contando con la presencia de Autoridades Municipales, presidentes de COCODEs e instituciones y organizaci\u00f3n que brinda cobertura en el municipio. \ud835\udddf\ud835\uddfc\ud835\ude00 \ud835\ude01\ud835\uddf2\ud835\uddfa\ud835\uddee\ud835\ude00 \ud835\ude01\ud835\uddff\ud835\uddee\ud835\ude01\ud835\uddee\ud835\uddf1\ud835\uddfc\ud835\ude00 \ud835\uddf2\ud835\uddfb \ud835\uddf9\ud835\uddee \ud835\uddee\ud835\uddf4\ud835\uddf2\ud835\uddfb\ud835\uddf1\ud835\uddee \ud835\uddf3\ud835\ude02\ud835\uddf2\ud835\uddff\ud835\uddfc\ud835\uddfb: Socializaci\u00f3n [&hellip;]<\/p>\n","protected":false},"author":1,"featured_media":5376,"comment_status":"closed","ping_status":"open","sticky":false,"template":"","format":"gallery","meta":{"footnotes":""},"categories":[68],"tags":[62],"class_list":["post-5375","post","type-post","status-publish","format-gallery","has-post-thumbnail","hentry","category-participacion-ciudadana","tag-portada","post_format-post-format-gallery"],"_links":{"self":[{"href":"https:\/\/munisanjuanermita.gob.gt\/index.php\/wp-json\/wp\/v2\/posts\/5375","targetHints":{"allow":["GET"]}}],"collection":[{"href":"https:\/\/munisanjuanermita.gob.gt\/index.php\/wp-json\/wp\/v2\/posts"}],"about":[{"href":"https:\/\/munisanjuanermita.gob.gt\/index.php\/wp-json\/wp\/v2\/types\/post"}],"author":[{"embeddable":true,"href":"https:\/\/munisanjuanermita.gob.gt\/index.php\/wp-json\/wp\/v2\/users\/1"}],"replies":[{"embeddable":true,"href":"https:\/\/munisanjuanermita.gob.gt\/index.php\/wp-json\/wp\/v2\/comments?post=5375"}],"version-history":[{"count":2,"href":"https:\/\/munisanjuanermita.gob.gt\/index.php\/wp-json\/wp\/v2\/posts\/5375\/revisions"}],"predecessor-version":[{"id":5399,"href":"https:\/\/munisanjuanermita.gob.gt\/index.php\/wp-json\/wp\/v2\/posts\/5375\/revisions\/5399"}],"wp:featuredmedia":[{"embeddable":true,"href":"https:\/\/munisanjuanermita.gob.gt\/index.php\/wp-json\/wp\/v2\/media\/5376"}],"wp:attachment":[{"href":"https:\/\/munisanjuanermita.gob.gt\/index.php\/wp-json\/wp\/v2\/media?parent=5375"}],"wp:term":[{"taxonomy":"category","embeddable":true,"href":"https:\/\/munisanjuanermita.gob.gt\/index.php\/wp-json\/wp\/v2\/categories?post=5375"},{"taxonomy":"post_tag","embeddable":true,"href":"https:\/\/munisanjuanermita.gob.gt\/index.php\/wp-json\/wp\/v2\/tags?post=5375"}],"curies":[{"name":"wp","href":"https:\/\/api.w.org\/{rel}","templated":true}]}}