{"id":5327,"date":"2023-03-24T16:41:18","date_gmt":"2023-03-24T16:41:18","guid":{"rendered":"https:\/\/munisanjuanermita.gob.gt\/?p=5327"},"modified":"2023-03-27T20:32:03","modified_gmt":"2023-03-27T20:32:03","slug":"mercado-comunitario-en-la-cancha-publica","status":"publish","type":"post","link":"https:\/\/munisanjuanermita.gob.gt\/index.php\/2023\/03\/24\/mercado-comunitario-en-la-cancha-publica\/","title":{"rendered":"Mercado Comunitario en la Cancha P\u00fablica"},"content":{"rendered":"<p style=\"text-align: justify;\">Esta ma\u00f1ana se realiz\u00f3 el Mercado Comunitario en la Cancha P\u00fablica del municipio. Esta actividad fue coordinada por el Programa Mundial de Alimentos (PMA) y ASEDECHI, con el apoyo de la Municipalidad de San Juan Ermita por medio de la Direcci\u00f3n Municipal de Seguridad Alimentaria y Nutricional -DIMSAN-.<\/p>\n<p style=\"text-align: justify;\">Cont\u00f3 con la participaci\u00f3n de organizaciones, instituciones, productores locales y agrupaciones. Diversidad de frutas y verduras cultivadas por agricultores locales, estuvieron a la venta. Adem\u00e1s de aves de corral, huevos, miel, duces, conservas, artesan\u00edas, comidas y bebidas preparadas en su mayor\u00eda, con ingredientes naturales.<\/p>\n<p style=\"text-align: center;\">\ud835\uddda\ud835\uddf2\ud835\ude00\ud835\ude01\ud835\uddf6\ud835\uddfc\u0301\ud835\uddfb \ud835\udde0\ud835\ude02\ud835\uddfb\ud835\uddf6\ud835\uddf0\ud835\uddf6\ud835\uddfd\ud835\uddee\ud835\uddf9 \ud835\udfee\ud835\udfec\ud835\udfee\ud835\udfec-\ud835\udfee\ud835\udfec\ud835\udfee\ud835\udff0<\/p>\n<p><a href=\"https:\/\/www.facebook.com\/hashtag\/juntosharemosmasquehistoria?__eep__=6&amp;__cft__%5b0%5d=AZVtU9Q1HGfXosjevWHkJQN1wLwstwcXZ6oUFkopfdqlh_w8N57Wi0IS-11FdpINVo9OgZisuCgduix8_-dV4QdcXf-tZfTNHF_UetYSVvhIQtLoy9gUs5G10-bX7lfoQt18bhoyVb3uZ6QfN7oUAvd_HT_LIZ9yA8H-q5vN5TX4FRnZHPqlJXRLo8BQLnpQks0&amp;__tn__=*NK-R\" target=\"_blank\" rel=\"noopener\">#juntosharemosmasquehistoria<\/a><br \/>\n<a href=\"https:\/\/www.facebook.com\/hashtag\/municipalidaddesanjuanermita?__eep__=6&amp;__cft__%5b0%5d=AZVtU9Q1HGfXosjevWHkJQN1wLwstwcXZ6oUFkopfdqlh_w8N57Wi0IS-11FdpINVo9OgZisuCgduix8_-dV4QdcXf-tZfTNHF_UetYSVvhIQtLoy9gUs5G10-bX7lfoQt18bhoyVb3uZ6QfN7oUAvd_HT_LIZ9yA8H-q5vN5TX4FRnZHPqlJXRLo8BQLnpQks0&amp;__tn__=*NK-R\" target=\"_blank\" rel=\"noopener\">#municipalidaddesanjuanermita<\/a><\/p>\n<div><\/div>\n","protected":false},"excerpt":{"rendered":"<p>Esta ma\u00f1ana se realiz\u00f3 el Mercado Comunitario en la Cancha P\u00fablica del municipio. Esta actividad fue coordinada por el Programa Mundial de Alimentos (PMA) y ASEDECHI, con el apoyo de la Municipalidad de San Juan Ermita por medio de la Direcci\u00f3n Municipal de Seguridad Alimentaria y Nutricional -DIMSAN-. Cont\u00f3 con la participaci\u00f3n de organizaciones, instituciones, [&hellip;]<\/p>\n","protected":false},"author":1,"featured_media":5328,"comment_status":"closed","ping_status":"open","sticky":false,"template":"","format":"gallery","meta":{"footnotes":""},"categories":[84],"tags":[62],"class_list":["post-5327","post","type-post","status-publish","format-gallery","has-post-thumbnail","hentry","category-fomento-a-la-economia","tag-portada","post_format-post-format-gallery"],"_links":{"self":[{"href":"https:\/\/munisanjuanermita.gob.gt\/index.php\/wp-json\/wp\/v2\/posts\/5327","targetHints":{"allow":["GET"]}}],"collection":[{"href":"https:\/\/munisanjuanermita.gob.gt\/index.php\/wp-json\/wp\/v2\/posts"}],"about":[{"href":"https:\/\/munisanjuanermita.gob.gt\/index.php\/wp-json\/wp\/v2\/types\/post"}],"author":[{"embeddable":true,"href":"https:\/\/munisanjuanermita.gob.gt\/index.php\/wp-json\/wp\/v2\/users\/1"}],"replies":[{"embeddable":true,"href":"https:\/\/munisanjuanermita.gob.gt\/index.php\/wp-json\/wp\/v2\/comments?post=5327"}],"version-history":[{"count":4,"href":"https:\/\/munisanjuanermita.gob.gt\/index.php\/wp-json\/wp\/v2\/posts\/5327\/revisions"}],"predecessor-version":[{"id":5350,"href":"https:\/\/munisanjuanermita.gob.gt\/index.php\/wp-json\/wp\/v2\/posts\/5327\/revisions\/5350"}],"wp:featuredmedia":[{"embeddable":true,"href":"https:\/\/munisanjuanermita.gob.gt\/index.php\/wp-json\/wp\/v2\/media\/5328"}],"wp:attachment":[{"href":"https:\/\/munisanjuanermita.gob.gt\/index.php\/wp-json\/wp\/v2\/media?parent=5327"}],"wp:term":[{"taxonomy":"category","embeddable":true,"href":"https:\/\/munisanjuanermita.gob.gt\/index.php\/wp-json\/wp\/v2\/categories?post=5327"},{"taxonomy":"post_tag","embeddable":true,"href":"https:\/\/munisanjuanermita.gob.gt\/index.php\/wp-json\/wp\/v2\/tags?post=5327"}],"curies":[{"name":"wp","href":"https:\/\/api.w.org\/{rel}","templated":true}]}}