{"id":5285,"date":"2023-03-23T23:24:53","date_gmt":"2023-03-23T23:24:53","guid":{"rendered":"https:\/\/munisanjuanermita.gob.gt\/?p=5285"},"modified":"2023-03-24T14:52:09","modified_gmt":"2023-03-24T14:52:09","slug":"presentacion-de-resultados-del-proyecto-raices","status":"publish","type":"post","link":"https:\/\/munisanjuanermita.gob.gt\/index.php\/2023\/03\/23\/presentacion-de-resultados-del-proyecto-raices\/","title":{"rendered":"Presentaci\u00f3n de resultados del Proyecto RA\u00cdCES"},"content":{"rendered":"<p style=\"text-align: justify;\">El jueves 23 de marzo, se llev\u00f3 a cabo en el Sal\u00f3n Mayor de la Municipalidad de San Juan Ermita, la presentaci\u00f3n de resultados del Proyecto <strong>RA\u00cdCES<\/strong>: Mitigaci\u00f3n y Preparaci\u00f3n para la Sequ\u00eda Liderada por la Comunidad. Con la participaci\u00f3n de autoridades municipales y representantes de la fundaci\u00f3n Margaret A. Cargill Philanthropies (<strong>MACP<\/strong>), Catholic Relief Services (<strong>CRS<\/strong>) y su socio local C\u00e1ritas Zacapa.<\/p>\n<p style=\"text-align: justify;\">Este proyecto busca mejorar las condiciones de vida de las personas que se han visto afectados por las condiciones clim\u00e1ticas, por su ubicaci\u00f3n dentro el corredor seco de Guatemala. Familias de San Juan Ermita, Jocot\u00e1n y Olopa, afectadas por la sequ\u00eda o las lluvias excesivas, desarrollaron su capacidad para reducir y gestionar los riesgos relacionados con estos fen\u00f3menos clim\u00e1ticos.<\/p>\n<p style=\"text-align: justify;\">En el municipio de San Juan Ermita, el Proyecto <strong>RAICES-MACP<\/strong> ejecuto proyectos enfocados en la Reducci\u00f3n de Riesgo de Desastres, liderados por la comunidad a trav\u00e9s de las <strong>COLRED<\/strong> (Coordinadoras Locales para la Reducci\u00f3n de Desastres). Tambi\u00e9n se fortalecieron actividades encaminadas a incrementar la productividad agr\u00edcola, diversificaci\u00f3n de los sistemas de producci\u00f3n agr\u00edcola y av\u00edcola, mayor acceso a servicios veterinarios comunitarios e incremento de la educaci\u00f3n y la gesti\u00f3n financiera.<\/p>\n<p style=\"text-align: justify;\">Al final de esta actividad, se present\u00f3 una exposici\u00f3n fotogr\u00e1fica; con historias contadas por beneficiarios del programa.<\/p>\n<p style=\"text-align: center;\">\ud835\uddda\ud835\uddf2\ud835\ude00\ud835\ude01\ud835\uddf6\ud835\uddfc\u0301\ud835\uddfb \ud835\udde0\ud835\ude02\ud835\uddfb\ud835\uddf6\ud835\uddf0\ud835\uddf6\ud835\uddfd\ud835\uddee\ud835\uddf9 \ud835\udfee\ud835\udfec\ud835\udfee\ud835\udfec-\ud835\udfee\ud835\udfec\ud835\udfee\ud835\udff0<\/p>\n<p><a href=\"https:\/\/www.facebook.com\/hashtag\/juntosharemosmasquehistoria?__eep__=6&amp;__cft__%5b0%5d=AZWFfad9_Lwz_V9Sj1P_9dCAoIdo_QRkBycHAIAwDLp0pmHu76RouHaFCtIUUe2gSmVsG8ERHmfxdMRlGLQzzx_6yZ_C6d0dSklnLzF_3uh_x9MflznKir3QaWjtf5x1pz_yKoXAb5cSteJVHXgMGvO_pxlqJA6reCzOCEup2xgo_yQWGGMhuWUNd20KE7xR5Pg&amp;__tn__=*NK-R\" target=\"_blank\" rel=\"noopener\">#juntosharemosmasquehistoria<\/a><br \/>\n<a href=\"https:\/\/www.facebook.com\/hashtag\/municipalidaddesanjuanermita?__eep__=6&amp;__cft__%5b0%5d=AZWFfad9_Lwz_V9Sj1P_9dCAoIdo_QRkBycHAIAwDLp0pmHu76RouHaFCtIUUe2gSmVsG8ERHmfxdMRlGLQzzx_6yZ_C6d0dSklnLzF_3uh_x9MflznKir3QaWjtf5x1pz_yKoXAb5cSteJVHXgMGvO_pxlqJA6reCzOCEup2xgo_yQWGGMhuWUNd20KE7xR5Pg&amp;__tn__=*NK-R\" target=\"_blank\" rel=\"noopener\">#municipalidaddesanjuanermita<\/a><\/p>\n<div><\/div>\n","protected":false},"excerpt":{"rendered":"<p>El jueves 23 de marzo, se llev\u00f3 a cabo en el Sal\u00f3n Mayor de la Municipalidad de San Juan Ermita, la presentaci\u00f3n de resultados del Proyecto RA\u00cdCES: Mitigaci\u00f3n y Preparaci\u00f3n para la Sequ\u00eda Liderada por la Comunidad. Con la participaci\u00f3n de autoridades municipales y representantes de la fundaci\u00f3n Margaret A. Cargill Philanthropies (MACP), Catholic Relief [&hellip;]<\/p>\n","protected":false},"author":1,"featured_media":5286,"comment_status":"closed","ping_status":"open","sticky":false,"template":"","format":"gallery","meta":{"footnotes":""},"categories":[61],"tags":[62],"class_list":["post-5285","post","type-post","status-publish","format-gallery","has-post-thumbnail","hentry","category-salud-y-calidad-de-vida","tag-portada","post_format-post-format-gallery"],"_links":{"self":[{"href":"https:\/\/munisanjuanermita.gob.gt\/index.php\/wp-json\/wp\/v2\/posts\/5285","targetHints":{"allow":["GET"]}}],"collection":[{"href":"https:\/\/munisanjuanermita.gob.gt\/index.php\/wp-json\/wp\/v2\/posts"}],"about":[{"href":"https:\/\/munisanjuanermita.gob.gt\/index.php\/wp-json\/wp\/v2\/types\/post"}],"author":[{"embeddable":true,"href":"https:\/\/munisanjuanermita.gob.gt\/index.php\/wp-json\/wp\/v2\/users\/1"}],"replies":[{"embeddable":true,"href":"https:\/\/munisanjuanermita.gob.gt\/index.php\/wp-json\/wp\/v2\/comments?post=5285"}],"version-history":[{"count":3,"href":"https:\/\/munisanjuanermita.gob.gt\/index.php\/wp-json\/wp\/v2\/posts\/5285\/revisions"}],"predecessor-version":[{"id":5314,"href":"https:\/\/munisanjuanermita.gob.gt\/index.php\/wp-json\/wp\/v2\/posts\/5285\/revisions\/5314"}],"wp:featuredmedia":[{"embeddable":true,"href":"https:\/\/munisanjuanermita.gob.gt\/index.php\/wp-json\/wp\/v2\/media\/5286"}],"wp:attachment":[{"href":"https:\/\/munisanjuanermita.gob.gt\/index.php\/wp-json\/wp\/v2\/media?parent=5285"}],"wp:term":[{"taxonomy":"category","embeddable":true,"href":"https:\/\/munisanjuanermita.gob.gt\/index.php\/wp-json\/wp\/v2\/categories?post=5285"},{"taxonomy":"post_tag","embeddable":true,"href":"https:\/\/munisanjuanermita.gob.gt\/index.php\/wp-json\/wp\/v2\/tags?post=5285"}],"curies":[{"name":"wp","href":"https:\/\/api.w.org\/{rel}","templated":true}]}}