{"id":15868,"date":"2026-02-19T12:27:49","date_gmt":"2026-02-19T12:27:49","guid":{"rendered":"https:\/\/munisanjuanermita.gob.gt\/?p=15868"},"modified":"2026-03-11T21:10:34","modified_gmt":"2026-03-11T21:10:34","slug":"entrega-circulacion-de-escuela-churischan","status":"publish","type":"post","link":"https:\/\/munisanjuanermita.gob.gt\/index.php\/2026\/02\/19\/entrega-circulacion-de-escuela-churischan\/","title":{"rendered":"Entrega Circulaci\u00f3n De Escuela Churischan"},"content":{"rendered":"<div class=\"x14z9mp xat24cr x1lziwak x1vvkbs xtlvy1s x126k92a\">\n<div dir=\"auto\" style=\"text-align: justify;\">Oficialmente se entreg\u00f3 el proyecto de Circulaci\u00f3n de la Escuela de Churisch\u00e1n donde se mejor\u00f3 la seguridad y el espacio para ni\u00f1os y ni\u00f1as que utilizan este centro educativo d\u00eda con d\u00eda. En dicha entrega se cont\u00f3 con el acompa\u00f1amiento del Gobernador Departamental, Lic. Luis Comp\u00e1 y Directora Departamental, Dra. Angela del Rosario Garc\u00eda de Verbena que respaldan la gesti\u00f3n del Alcalde Municipal Prof. Wilson Guerra y su Concejo.<\/div>\n<\/div>\n<div class=\"x14z9mp xat24cr x1lziwak x1vvkbs xtlvy1s x126k92a\">\n<div dir=\"auto\" style=\"text-align: justify;\">Contar con espacios dignos es una mejora en la educaci\u00f3n.<\/div>\n<div dir=\"auto\">\n<div><\/div>\n<\/div>\n<\/div>\n<p><a href=\"https:\/\/www.facebook.com\/share\/v\/1B1VDzmFa2\/\" target=\"_blank\" rel=\"noopener\"><img loading=\"lazy\" decoding=\"async\" class=\"aligncenter wp-image-15869 size-full\" title=\"Ver video\" src=\"https:\/\/munisanjuanermita.gob.gt\/wp-content\/uploads\/2026\/03\/1-7.jpg\" alt=\"\" width=\"900\" height=\"600\" srcset=\"https:\/\/munisanjuanermita.gob.gt\/wp-content\/uploads\/2026\/03\/1-7.jpg 900w, https:\/\/munisanjuanermita.gob.gt\/wp-content\/uploads\/2026\/03\/1-7-300x200.jpg 300w\" sizes=\"auto, (max-width: 900px) 100vw, 900px\" \/><\/a><\/p>\n","protected":false},"excerpt":{"rendered":"<p>Oficialmente se entreg\u00f3 el proyecto de Circulaci\u00f3n de la Escuela de Churisch\u00e1n donde se mejor\u00f3 la seguridad y el espacio para ni\u00f1os y ni\u00f1as que utilizan este centro educativo d\u00eda con d\u00eda. En dicha entrega se cont\u00f3 con el acompa\u00f1amiento del Gobernador Departamental, Lic. Luis Comp\u00e1 y Directora Departamental, Dra. Angela del Rosario Garc\u00eda de [&hellip;]<\/p>\n","protected":false},"author":1,"featured_media":15870,"comment_status":"closed","ping_status":"open","sticky":false,"template":"","format":"video","meta":{"footnotes":""},"categories":[137],"tags":[62],"class_list":["post-15868","post","type-post","status-publish","format-video","has-post-thumbnail","hentry","category-educacion-2","tag-portada","post_format-post-format-video"],"_links":{"self":[{"href":"https:\/\/munisanjuanermita.gob.gt\/index.php\/wp-json\/wp\/v2\/posts\/15868","targetHints":{"allow":["GET"]}}],"collection":[{"href":"https:\/\/munisanjuanermita.gob.gt\/index.php\/wp-json\/wp\/v2\/posts"}],"about":[{"href":"https:\/\/munisanjuanermita.gob.gt\/index.php\/wp-json\/wp\/v2\/types\/post"}],"author":[{"embeddable":true,"href":"https:\/\/munisanjuanermita.gob.gt\/index.php\/wp-json\/wp\/v2\/users\/1"}],"replies":[{"embeddable":true,"href":"https:\/\/munisanjuanermita.gob.gt\/index.php\/wp-json\/wp\/v2\/comments?post=15868"}],"version-history":[{"count":2,"href":"https:\/\/munisanjuanermita.gob.gt\/index.php\/wp-json\/wp\/v2\/posts\/15868\/revisions"}],"predecessor-version":[{"id":15897,"href":"https:\/\/munisanjuanermita.gob.gt\/index.php\/wp-json\/wp\/v2\/posts\/15868\/revisions\/15897"}],"wp:featuredmedia":[{"embeddable":true,"href":"https:\/\/munisanjuanermita.gob.gt\/index.php\/wp-json\/wp\/v2\/media\/15870"}],"wp:attachment":[{"href":"https:\/\/munisanjuanermita.gob.gt\/index.php\/wp-json\/wp\/v2\/media?parent=15868"}],"wp:term":[{"taxonomy":"category","embeddable":true,"href":"https:\/\/munisanjuanermita.gob.gt\/index.php\/wp-json\/wp\/v2\/categories?post=15868"},{"taxonomy":"post_tag","embeddable":true,"href":"https:\/\/munisanjuanermita.gob.gt\/index.php\/wp-json\/wp\/v2\/tags?post=15868"}],"curies":[{"name":"wp","href":"https:\/\/api.w.org\/{rel}","templated":true}]}}