{"id":15838,"date":"2026-02-19T08:23:09","date_gmt":"2026-02-19T08:23:09","guid":{"rendered":"https:\/\/munisanjuanermita.gob.gt\/?p=15838"},"modified":"2026-03-11T20:33:09","modified_gmt":"2026-03-11T20:33:09","slug":"acreditan-y-juramentan-19-colred-para-fortalecer-la-gestion-de-riesgo-en-el-municipio","status":"publish","type":"post","link":"https:\/\/munisanjuanermita.gob.gt\/index.php\/2026\/02\/19\/acreditan-y-juramentan-19-colred-para-fortalecer-la-gestion-de-riesgo-en-el-municipio\/","title":{"rendered":"Acreditan y juramentan 19 COLRED para fortalecer la gesti\u00f3n de riesgo en el municipio"},"content":{"rendered":"<div class=\"xdj266r x14z9mp xat24cr x1lziwak x1vvkbs x126k92a\">\n<div dir=\"auto\" style=\"text-align: justify;\">En coordinaci\u00f3n con Caritas-CRS- y la Unidad Municipal de Gesti\u00f3n Integral del Riesgo a Desastres &#8211;<strong>UMGIRD<\/strong>-, se llev\u00f3 a cabo el proceso de acreditaci\u00f3n y juramentaci\u00f3n de 19 <strong>COLRED<\/strong>, como parte del fortalecimiento del Sistema Municipal de Gesti\u00f3n Integral del Riesgo.<\/div>\n<\/div>\n<div class=\"x14z9mp xat24cr x1lziwak x1vvkbs xtlvy1s x126k92a\" style=\"text-align: justify;\">\n<div dir=\"auto\">Esta acci\u00f3n permite consolidar la organizaci\u00f3n comunitaria y fortalecer las capacidades locales en prevenci\u00f3n, preparaci\u00f3n y respuesta ante emergencias y desastres, reafirmando el compromiso institucional con la protecci\u00f3n de la vida y el desarrollo resiliente del municipio.<\/div>\n<\/div>\n<div class=\"x14z9mp xat24cr x1lziwak x1vvkbs xtlvy1s x126k92a\">\n<div dir=\"auto\" style=\"text-align: justify;\">La Municipalidad agradece el acompa\u00f1amiento interinstitucional y la participaci\u00f3n activa de los l\u00edderes comunitarios.<\/div>\n<div dir=\"auto\">\n<div><\/div>\n<\/div>\n<\/div>\n","protected":false},"excerpt":{"rendered":"<p>En coordinaci\u00f3n con Caritas-CRS- y la Unidad Municipal de Gesti\u00f3n Integral del Riesgo a Desastres &#8211;UMGIRD-, se llev\u00f3 a cabo el proceso de acreditaci\u00f3n y juramentaci\u00f3n de 19 COLRED, como parte del fortalecimiento del Sistema Municipal de Gesti\u00f3n Integral del Riesgo. Esta acci\u00f3n permite consolidar la organizaci\u00f3n comunitaria y fortalecer las capacidades locales en prevenci\u00f3n, [&hellip;]<\/p>\n","protected":false},"author":1,"featured_media":15824,"comment_status":"closed","ping_status":"open","sticky":false,"template":"","format":"gallery","meta":{"footnotes":""},"categories":[93],"tags":[62],"class_list":["post-15838","post","type-post","status-publish","format-gallery","has-post-thumbnail","hentry","category-gestion-de-riesgos","tag-portada","post_format-post-format-gallery"],"_links":{"self":[{"href":"https:\/\/munisanjuanermita.gob.gt\/index.php\/wp-json\/wp\/v2\/posts\/15838","targetHints":{"allow":["GET"]}}],"collection":[{"href":"https:\/\/munisanjuanermita.gob.gt\/index.php\/wp-json\/wp\/v2\/posts"}],"about":[{"href":"https:\/\/munisanjuanermita.gob.gt\/index.php\/wp-json\/wp\/v2\/types\/post"}],"author":[{"embeddable":true,"href":"https:\/\/munisanjuanermita.gob.gt\/index.php\/wp-json\/wp\/v2\/users\/1"}],"replies":[{"embeddable":true,"href":"https:\/\/munisanjuanermita.gob.gt\/index.php\/wp-json\/wp\/v2\/comments?post=15838"}],"version-history":[{"count":1,"href":"https:\/\/munisanjuanermita.gob.gt\/index.php\/wp-json\/wp\/v2\/posts\/15838\/revisions"}],"predecessor-version":[{"id":15839,"href":"https:\/\/munisanjuanermita.gob.gt\/index.php\/wp-json\/wp\/v2\/posts\/15838\/revisions\/15839"}],"wp:featuredmedia":[{"embeddable":true,"href":"https:\/\/munisanjuanermita.gob.gt\/index.php\/wp-json\/wp\/v2\/media\/15824"}],"wp:attachment":[{"href":"https:\/\/munisanjuanermita.gob.gt\/index.php\/wp-json\/wp\/v2\/media?parent=15838"}],"wp:term":[{"taxonomy":"category","embeddable":true,"href":"https:\/\/munisanjuanermita.gob.gt\/index.php\/wp-json\/wp\/v2\/categories?post=15838"},{"taxonomy":"post_tag","embeddable":true,"href":"https:\/\/munisanjuanermita.gob.gt\/index.php\/wp-json\/wp\/v2\/tags?post=15838"}],"curies":[{"name":"wp","href":"https:\/\/api.w.org\/{rel}","templated":true}]}}