{"id":15794,"date":"2026-02-13T11:27:09","date_gmt":"2026-02-13T11:27:09","guid":{"rendered":"https:\/\/munisanjuanermita.gob.gt\/?p=15794"},"modified":"2026-02-16T17:49:01","modified_gmt":"2026-02-16T17:49:01","slug":"alcaldia-agradece-rapida-accion-ante-incendio-en-el-pinalon","status":"publish","type":"post","link":"https:\/\/munisanjuanermita.gob.gt\/index.php\/2026\/02\/13\/alcaldia-agradece-rapida-accion-ante-incendio-en-el-pinalon\/","title":{"rendered":"Alcald\u00eda agradece r\u00e1pida acci\u00f3n ante incendio en El Pinal\u00f3n"},"content":{"rendered":"<div class=\"xdj266r x14z9mp xat24cr x1lziwak x1vvkbs x126k92a\">\n<div dir=\"auto\" style=\"text-align: justify;\">Alcalde Municipal y Municipalidad de San Juan Ermita agradecen la pronta respuesta de las brigadas de Incendios de<strong> SE-CONRED<\/strong> y brigadas de Veguitas y Linda Vista bajo la coordinaci\u00f3n de la <strong>OMGIRD<\/strong> y <strong>UGAM<\/strong> para la mitigaci\u00f3n del incendio en el bosque El Pinal\u00f3n la tarde de ayer.<\/div>\n<\/div>\n<div class=\"x14z9mp xat24cr x1lziwak x1vvkbs xtlvy1s x126k92a\" style=\"text-align: justify;\">\n<div dir=\"auto\">Los incendios forestales pueden devastar ecosistemas enteros, afectar a comunidades v tener consecuencias graves como:<\/div>\n<div dir=\"auto\">\u2022 P\u00e9rdida de biodiversidad y h\u00e1bitats naturales.<\/div>\n<div dir=\"auto\">\u2022 Contaminaci\u00f3n del aire y agua.<\/div>\n<div dir=\"auto\">\u2022 Aumento del riesgo de deslizamientos de tierra y erosi\u00f3n.<\/div>\n<div dir=\"auto\">\u2022 Impacto en la salud de las personas y animales.<\/div>\n<\/div>\n<div class=\"x14z9mp xat24cr x1lziwak x1vvkbs xtlvy1s x126k92a\">\n<div dir=\"auto\" style=\"text-align: justify;\">Por estas y m\u00e1s razones es deber de todos los sanjuaneros cuidar juntos el pulmoncito de nuestro Municipio.<\/div>\n<\/div>\n<div class=\"x14z9mp xat24cr x1lziwak x1vvkbs xtlvy1s x126k92a\">\n<div dir=\"auto\"><span class=\"html-span xdj266r x14z9mp xat24cr x1lziwak xexx8yu xyri2b x18d9i69 x1c1uobl x1hl2dhg x16tdsg8 x1vvkbs\"><a class=\"x1i10hfl xjbqb8w x1ejq31n x18oe1m7 x1sy0etr xstzfhl x972fbf x10w94by x1qhh985 x14e42zd x9f619 x1ypdohk xt0psk2 x3ct3a4 xdj266r x14z9mp xat24cr x1lziwak xexx8yu xyri2b x18d9i69 x1c1uobl x16tdsg8 x1hl2dhg xggy1nq x1a2a7pz xkrqix3 x1sur9pj x1fey0fg x1s688f\" tabindex=\"0\" role=\"link\" href=\"https:\/\/www.facebook.com\/hashtag\/trabajandosinparar?__eep__=6&amp;__cft__[0]=AZbOx0cHV3cLuWpfHgAfF-wJ1ko9CYtwMuOYWeO-_r-HRPYAZowizo4uMWt3z8CWQssYO3bkAsiEYkFMBWrmqm76Tugnd1H-M7kD5Uv2Gd4Rv-siW22K1bUVOE3sTjU-i-FdBk3ZlTS7fNLcZvozuUV00l6wtiUR1bPi2DxmUXNYjp88149wsZFhUcEIrbUa_LyaaBWescq9fRTVXhOTxauD&amp;__tn__=*NK-R\" target=\"_blank\" rel=\"noopener\">#TrabajandoSinParar<\/a><\/span><\/div>\n<div dir=\"auto\">\n<div><\/div>\n<\/div>\n<\/div>\n","protected":false},"excerpt":{"rendered":"<p>Alcalde Municipal y Municipalidad de San Juan Ermita agradecen la pronta respuesta de las brigadas de Incendios de SE-CONRED y brigadas de Veguitas y Linda Vista bajo la coordinaci\u00f3n de la OMGIRD y UGAM para la mitigaci\u00f3n del incendio en el bosque El Pinal\u00f3n la tarde de ayer. Los incendios forestales pueden devastar ecosistemas enteros, [&hellip;]<\/p>\n","protected":false},"author":1,"featured_media":15793,"comment_status":"closed","ping_status":"open","sticky":false,"template":"","format":"gallery","meta":{"footnotes":""},"categories":[93,66],"tags":[62],"class_list":["post-15794","post","type-post","status-publish","format-gallery","has-post-thumbnail","hentry","category-gestion-de-riesgos","category-medio-ambiente","tag-portada","post_format-post-format-gallery"],"_links":{"self":[{"href":"https:\/\/munisanjuanermita.gob.gt\/index.php\/wp-json\/wp\/v2\/posts\/15794","targetHints":{"allow":["GET"]}}],"collection":[{"href":"https:\/\/munisanjuanermita.gob.gt\/index.php\/wp-json\/wp\/v2\/posts"}],"about":[{"href":"https:\/\/munisanjuanermita.gob.gt\/index.php\/wp-json\/wp\/v2\/types\/post"}],"author":[{"embeddable":true,"href":"https:\/\/munisanjuanermita.gob.gt\/index.php\/wp-json\/wp\/v2\/users\/1"}],"replies":[{"embeddable":true,"href":"https:\/\/munisanjuanermita.gob.gt\/index.php\/wp-json\/wp\/v2\/comments?post=15794"}],"version-history":[{"count":1,"href":"https:\/\/munisanjuanermita.gob.gt\/index.php\/wp-json\/wp\/v2\/posts\/15794\/revisions"}],"predecessor-version":[{"id":15795,"href":"https:\/\/munisanjuanermita.gob.gt\/index.php\/wp-json\/wp\/v2\/posts\/15794\/revisions\/15795"}],"wp:featuredmedia":[{"embeddable":true,"href":"https:\/\/munisanjuanermita.gob.gt\/index.php\/wp-json\/wp\/v2\/media\/15793"}],"wp:attachment":[{"href":"https:\/\/munisanjuanermita.gob.gt\/index.php\/wp-json\/wp\/v2\/media?parent=15794"}],"wp:term":[{"taxonomy":"category","embeddable":true,"href":"https:\/\/munisanjuanermita.gob.gt\/index.php\/wp-json\/wp\/v2\/categories?post=15794"},{"taxonomy":"post_tag","embeddable":true,"href":"https:\/\/munisanjuanermita.gob.gt\/index.php\/wp-json\/wp\/v2\/tags?post=15794"}],"curies":[{"name":"wp","href":"https:\/\/api.w.org\/{rel}","templated":true}]}}