{"id":15738,"date":"2026-02-09T11:30:22","date_gmt":"2026-02-09T11:30:22","guid":{"rendered":"https:\/\/munisanjuanermita.gob.gt\/?p=15738"},"modified":"2026-02-16T17:10:47","modified_gmt":"2026-02-16T17:10:47","slug":"proyecto-escuela-de-los-planes","status":"publish","type":"post","link":"https:\/\/munisanjuanermita.gob.gt\/index.php\/2026\/02\/09\/proyecto-escuela-de-los-planes\/","title":{"rendered":"Proyecto Escuela De Los Planes"},"content":{"rendered":"<div class=\"xdj266r x14z9mp xat24cr x1lziwak x1vvkbs x126k92a\">\n<div dir=\"auto\" style=\"text-align: justify;\">Recientemente se dio inicio al proyecto: Ampliaci\u00f3n Escuela Primaria, Aldea Los Planes, San Juan Ermita, donde a trav\u00e9s de la construcci\u00f3n de un espacio de dos niveles se habilitar\u00e1n tambi\u00e9n, bodega, aulas, direcci\u00f3n y comedor para el uso de maestros, ni\u00f1os y ni\u00f1as que diariamente utilizan este centro educativo.<\/div>\n<\/div>\n<div class=\"x14z9mp xat24cr x1lziwak x1vvkbs xtlvy1s x126k92a\">\n<div dir=\"auto\" style=\"text-align: justify;\">Con espacios dignos garantizamos una mejora en la educaci\u00f3n. Municipalidad de San Juan Ermita <span class=\"html-span xdj266r x14z9mp xat24cr x1lziwak xexx8yu xyri2b x18d9i69 x1c1uobl x1hl2dhg x16tdsg8 x1vvkbs\"><a class=\"x1i10hfl xjbqb8w x1ejq31n x18oe1m7 x1sy0etr xstzfhl x972fbf x10w94by x1qhh985 x14e42zd x9f619 x1ypdohk xt0psk2 x3ct3a4 xdj266r x14z9mp xat24cr x1lziwak xexx8yu xyri2b x18d9i69 x1c1uobl x16tdsg8 x1hl2dhg xggy1nq x1a2a7pz xkrqix3 x1sur9pj x1fey0fg x1s688f\" tabindex=\"0\" role=\"link\" href=\"https:\/\/www.facebook.com\/watch\/hashtag\/trabajandosinparar?__eep__=6%2F&amp;__cft__[0]=AZblXEB7xkfWxihgWAomJ-U54GKHwKOTpwAyXqtbVl3rue_AgUgqexSsS-otLYhvh7_ZUS3B9QLpwNiq6hgfi_1SNGH8SCdwI1VHRK-TNixrHReokkIvh3O1WxL3j2BxsZCHfj-YTmwREG3eoVB4E11JY1g7xI_hjAO45sHcC_FtM7wlFFftKmGlY4yIu1glxl05CdxmkYg5ZsyX873VRu_c&amp;__tn__=*NK-R\" target=\"_blank\" rel=\"noopener\">#TrabajandoSinParar<\/a><\/span><\/div>\n<\/div>\n<p><a href=\"https:\/\/www.facebook.com\/share\/v\/1CRzTBoTNN\/\" target=\"_blank\" rel=\"noopener\"><img loading=\"lazy\" decoding=\"async\" class=\"aligncenter wp-image-15739 size-full\" title=\"Ver video\" src=\"https:\/\/munisanjuanermita.gob.gt\/wp-content\/uploads\/2026\/02\/1-9.jpg\" alt=\"\" width=\"900\" height=\"600\" srcset=\"https:\/\/munisanjuanermita.gob.gt\/wp-content\/uploads\/2026\/02\/1-9.jpg 900w, https:\/\/munisanjuanermita.gob.gt\/wp-content\/uploads\/2026\/02\/1-9-300x200.jpg 300w\" sizes=\"auto, (max-width: 900px) 100vw, 900px\" \/><\/a><\/p>\n<p><a href=\"https:\/\/www.facebook.com\/share\/v\/1CEKtWFC7s\/\" target=\"_blank\" rel=\"noopener\"><img loading=\"lazy\" decoding=\"async\" class=\"aligncenter wp-image-15742 size-full\" title=\"Ver video\" src=\"https:\/\/munisanjuanermita.gob.gt\/wp-content\/uploads\/2026\/02\/1-10.jpg\" alt=\"\" width=\"900\" height=\"600\" srcset=\"https:\/\/munisanjuanermita.gob.gt\/wp-content\/uploads\/2026\/02\/1-10.jpg 900w, https:\/\/munisanjuanermita.gob.gt\/wp-content\/uploads\/2026\/02\/1-10-300x200.jpg 300w\" sizes=\"auto, (max-width: 900px) 100vw, 900px\" \/><\/a><\/p>\n","protected":false},"excerpt":{"rendered":"<p>Recientemente se dio inicio al proyecto: Ampliaci\u00f3n Escuela Primaria, Aldea Los Planes, San Juan Ermita, donde a trav\u00e9s de la construcci\u00f3n de un espacio de dos niveles se habilitar\u00e1n tambi\u00e9n, bodega, aulas, direcci\u00f3n y comedor para el uso de maestros, ni\u00f1os y ni\u00f1as que diariamente utilizan este centro educativo. Con espacios dignos garantizamos una mejora [&hellip;]<\/p>\n","protected":false},"author":1,"featured_media":15740,"comment_status":"closed","ping_status":"open","sticky":false,"template":"","format":"video","meta":{"footnotes":""},"categories":[78,132],"tags":[62],"class_list":["post-15738","post","type-post","status-publish","format-video","has-post-thumbnail","hentry","category-infraestructura","category-infraestructura-educativa","tag-portada","post_format-post-format-video"],"_links":{"self":[{"href":"https:\/\/munisanjuanermita.gob.gt\/index.php\/wp-json\/wp\/v2\/posts\/15738","targetHints":{"allow":["GET"]}}],"collection":[{"href":"https:\/\/munisanjuanermita.gob.gt\/index.php\/wp-json\/wp\/v2\/posts"}],"about":[{"href":"https:\/\/munisanjuanermita.gob.gt\/index.php\/wp-json\/wp\/v2\/types\/post"}],"author":[{"embeddable":true,"href":"https:\/\/munisanjuanermita.gob.gt\/index.php\/wp-json\/wp\/v2\/users\/1"}],"replies":[{"embeddable":true,"href":"https:\/\/munisanjuanermita.gob.gt\/index.php\/wp-json\/wp\/v2\/comments?post=15738"}],"version-history":[{"count":3,"href":"https:\/\/munisanjuanermita.gob.gt\/index.php\/wp-json\/wp\/v2\/posts\/15738\/revisions"}],"predecessor-version":[{"id":15744,"href":"https:\/\/munisanjuanermita.gob.gt\/index.php\/wp-json\/wp\/v2\/posts\/15738\/revisions\/15744"}],"wp:featuredmedia":[{"embeddable":true,"href":"https:\/\/munisanjuanermita.gob.gt\/index.php\/wp-json\/wp\/v2\/media\/15740"}],"wp:attachment":[{"href":"https:\/\/munisanjuanermita.gob.gt\/index.php\/wp-json\/wp\/v2\/media?parent=15738"}],"wp:term":[{"taxonomy":"category","embeddable":true,"href":"https:\/\/munisanjuanermita.gob.gt\/index.php\/wp-json\/wp\/v2\/categories?post=15738"},{"taxonomy":"post_tag","embeddable":true,"href":"https:\/\/munisanjuanermita.gob.gt\/index.php\/wp-json\/wp\/v2\/tags?post=15738"}],"curies":[{"name":"wp","href":"https:\/\/api.w.org\/{rel}","templated":true}]}}