{"id":15724,"date":"2026-02-02T12:19:58","date_gmt":"2026-02-02T12:19:58","guid":{"rendered":"https:\/\/munisanjuanermita.gob.gt\/?p=15724"},"modified":"2026-02-02T19:41:34","modified_gmt":"2026-02-02T19:41:34","slug":"alcalde-municipal-acompana-a-la-escuela-primaria-de-san-antonio-lajas-en-el-inicio-del-ciclo-escolar-2026","status":"publish","type":"post","link":"https:\/\/munisanjuanermita.gob.gt\/index.php\/2026\/02\/02\/alcalde-municipal-acompana-a-la-escuela-primaria-de-san-antonio-lajas-en-el-inicio-del-ciclo-escolar-2026\/","title":{"rendered":"Alcalde Municipal acompa\u00f1a a la Escuela Primaria de San Antonio Lajas en el inicio del ciclo escolar 2026"},"content":{"rendered":"<p style=\"text-align: justify;\">Alcalde Municipal, brind\u00f3 acompa\u00f1amiento a la Escuela Primaria de San Antonio Lajas en el inicio del ciclo escolar 2026, deseando a todos los estudiantes, maestros y familias un excelente inicio de clases llenas de aprendizaje, crecimiento y momentos memorables con \u00e9xito en este nuevo a\u00f1o escolar, no solo a la comunidad de Lajas sino tambi\u00e9n, desando lo mejor, a todas las escuelitas de cada Caser\u00edo y Aldeas de San Juan Ermita.<\/p>\n<div><\/div>\n","protected":false},"excerpt":{"rendered":"<p>Alcalde Municipal, brind\u00f3 acompa\u00f1amiento a la Escuela Primaria de San Antonio Lajas en el inicio del ciclo escolar 2026, deseando a todos los estudiantes, maestros y familias un excelente inicio de clases llenas de aprendizaje, crecimiento y momentos memorables con \u00e9xito en este nuevo a\u00f1o escolar, no solo a la comunidad de Lajas sino tambi\u00e9n, [&hellip;]<\/p>\n","protected":false},"author":1,"featured_media":15719,"comment_status":"closed","ping_status":"open","sticky":false,"template":"","format":"gallery","meta":{"footnotes":""},"categories":[79],"tags":[62],"class_list":["post-15724","post","type-post","status-publish","format-gallery","has-post-thumbnail","hentry","category-educacion-y-cultura","tag-portada","post_format-post-format-gallery"],"_links":{"self":[{"href":"https:\/\/munisanjuanermita.gob.gt\/index.php\/wp-json\/wp\/v2\/posts\/15724","targetHints":{"allow":["GET"]}}],"collection":[{"href":"https:\/\/munisanjuanermita.gob.gt\/index.php\/wp-json\/wp\/v2\/posts"}],"about":[{"href":"https:\/\/munisanjuanermita.gob.gt\/index.php\/wp-json\/wp\/v2\/types\/post"}],"author":[{"embeddable":true,"href":"https:\/\/munisanjuanermita.gob.gt\/index.php\/wp-json\/wp\/v2\/users\/1"}],"replies":[{"embeddable":true,"href":"https:\/\/munisanjuanermita.gob.gt\/index.php\/wp-json\/wp\/v2\/comments?post=15724"}],"version-history":[{"count":1,"href":"https:\/\/munisanjuanermita.gob.gt\/index.php\/wp-json\/wp\/v2\/posts\/15724\/revisions"}],"predecessor-version":[{"id":15725,"href":"https:\/\/munisanjuanermita.gob.gt\/index.php\/wp-json\/wp\/v2\/posts\/15724\/revisions\/15725"}],"wp:featuredmedia":[{"embeddable":true,"href":"https:\/\/munisanjuanermita.gob.gt\/index.php\/wp-json\/wp\/v2\/media\/15719"}],"wp:attachment":[{"href":"https:\/\/munisanjuanermita.gob.gt\/index.php\/wp-json\/wp\/v2\/media?parent=15724"}],"wp:term":[{"taxonomy":"category","embeddable":true,"href":"https:\/\/munisanjuanermita.gob.gt\/index.php\/wp-json\/wp\/v2\/categories?post=15724"},{"taxonomy":"post_tag","embeddable":true,"href":"https:\/\/munisanjuanermita.gob.gt\/index.php\/wp-json\/wp\/v2\/tags?post=15724"}],"curies":[{"name":"wp","href":"https:\/\/api.w.org\/{rel}","templated":true}]}}