{"id":15717,"date":"2026-01-30T11:51:03","date_gmt":"2026-01-30T11:51:03","guid":{"rendered":"https:\/\/munisanjuanermita.gob.gt\/?p=15717"},"modified":"2026-02-02T19:36:07","modified_gmt":"2026-02-02T19:36:07","slug":"municipalidad-impulsa-el-liderazgo-femenino-con-reunion-formativa-para-lideresas-comunitarias","status":"publish","type":"post","link":"https:\/\/munisanjuanermita.gob.gt\/index.php\/2026\/01\/30\/municipalidad-impulsa-el-liderazgo-femenino-con-reunion-formativa-para-lideresas-comunitarias\/","title":{"rendered":"Municipalidad impulsa el liderazgo femenino con reuni\u00f3n formativa para lideresas comunitarias"},"content":{"rendered":"<div class=\"xdj266r x14z9mp xat24cr x1lziwak x1vvkbs x126k92a\">\n<div dir=\"auto\" style=\"text-align: justify;\">A trav\u00e9s de la Direcci\u00f3n Municipal de la Mujer, se llev\u00f3 a cabo la primera reuni\u00f3n con lideresas comunitarias con la finalidad de fortalecer sus conocimientos, habilidades y capacidades de liderazgo, promoviendo su participaci\u00f3n activa en los procesos de desarrollo local.<\/div>\n<\/div>\n<div class=\"x14z9mp xat24cr x1lziwak x1vvkbs xtlvy1s x126k92a\">\n<div dir=\"auto\" style=\"text-align: justify;\">A trav\u00e9s de espacios formativos y de di\u00e1logo se abordan temas como derechos de las mujeres, prevenci\u00f3n de Violencia, organizaci\u00f3n comunitaria y toma de decisiones, contribuyendo al empoderamiento personal y colectivo. Esta capacitaci\u00f3n busca que las lideresas se conviertan en agentes de cambio, capaces de impulsar acciones que mejoren las condiciones de vida de sus comunidades en coordinaci\u00f3n con Tierra Viva y Ministerio P\u00fablico.<\/div>\n<div dir=\"auto\">\n<div><\/div>\n<\/div>\n<\/div>\n","protected":false},"excerpt":{"rendered":"<p>A trav\u00e9s de la Direcci\u00f3n Municipal de la Mujer, se llev\u00f3 a cabo la primera reuni\u00f3n con lideresas comunitarias con la finalidad de fortalecer sus conocimientos, habilidades y capacidades de liderazgo, promoviendo su participaci\u00f3n activa en los procesos de desarrollo local. A trav\u00e9s de espacios formativos y de di\u00e1logo se abordan temas como derechos de [&hellip;]<\/p>\n","protected":false},"author":1,"featured_media":15708,"comment_status":"closed","ping_status":"open","sticky":false,"template":"","format":"gallery","meta":{"footnotes":""},"categories":[67],"tags":[62],"class_list":["post-15717","post","type-post","status-publish","format-gallery","has-post-thumbnail","hentry","category-desarrollo-social","tag-portada","post_format-post-format-gallery"],"_links":{"self":[{"href":"https:\/\/munisanjuanermita.gob.gt\/index.php\/wp-json\/wp\/v2\/posts\/15717","targetHints":{"allow":["GET"]}}],"collection":[{"href":"https:\/\/munisanjuanermita.gob.gt\/index.php\/wp-json\/wp\/v2\/posts"}],"about":[{"href":"https:\/\/munisanjuanermita.gob.gt\/index.php\/wp-json\/wp\/v2\/types\/post"}],"author":[{"embeddable":true,"href":"https:\/\/munisanjuanermita.gob.gt\/index.php\/wp-json\/wp\/v2\/users\/1"}],"replies":[{"embeddable":true,"href":"https:\/\/munisanjuanermita.gob.gt\/index.php\/wp-json\/wp\/v2\/comments?post=15717"}],"version-history":[{"count":1,"href":"https:\/\/munisanjuanermita.gob.gt\/index.php\/wp-json\/wp\/v2\/posts\/15717\/revisions"}],"predecessor-version":[{"id":15718,"href":"https:\/\/munisanjuanermita.gob.gt\/index.php\/wp-json\/wp\/v2\/posts\/15717\/revisions\/15718"}],"wp:featuredmedia":[{"embeddable":true,"href":"https:\/\/munisanjuanermita.gob.gt\/index.php\/wp-json\/wp\/v2\/media\/15708"}],"wp:attachment":[{"href":"https:\/\/munisanjuanermita.gob.gt\/index.php\/wp-json\/wp\/v2\/media?parent=15717"}],"wp:term":[{"taxonomy":"category","embeddable":true,"href":"https:\/\/munisanjuanermita.gob.gt\/index.php\/wp-json\/wp\/v2\/categories?post=15717"},{"taxonomy":"post_tag","embeddable":true,"href":"https:\/\/munisanjuanermita.gob.gt\/index.php\/wp-json\/wp\/v2\/tags?post=15717"}],"curies":[{"name":"wp","href":"https:\/\/api.w.org\/{rel}","templated":true}]}}