{"id":15702,"date":"2026-01-30T08:17:18","date_gmt":"2026-01-30T08:17:18","guid":{"rendered":"https:\/\/munisanjuanermita.gob.gt\/?p=15702"},"modified":"2026-02-02T19:27:52","modified_gmt":"2026-02-02T19:27:52","slug":"el-desarrollo-no-se-detiene-en-san-juan-ermita","status":"publish","type":"post","link":"https:\/\/munisanjuanermita.gob.gt\/index.php\/2026\/01\/30\/el-desarrollo-no-se-detiene-en-san-juan-ermita\/","title":{"rendered":"\u00a1El Desarrollo No Se Detiene En San Juan Ermita!"},"content":{"rendered":"<div class=\"x14z9mp xat24cr x1lziwak x1vvkbs xtlvy1s x126k92a\">\n<div dir=\"auto\">En la comunidad de Corral de Piedras se ha llevado a cabo el proyecto de Mejoramiento del Camino Rural donde a trav\u00e9s de <strong>326<\/strong> metros lineales de pavimento debidamente se\u00f1alizado y con un espesor que permite el acceso a todo tipo de veh\u00edculos se ha mejorado el acceso.<\/div>\n<\/div>\n<div class=\"x14z9mp xat24cr x1lziwak x1vvkbs xtlvy1s x126k92a\">\n<div dir=\"auto\">\u00abCorral de Piedras cada d\u00eda m\u00e1s bonito\u00bb<\/div>\n<div dir=\"auto\">\n<div><\/div>\n<\/div>\n<div dir=\"auto\">Seguimos <span class=\"html-span xdj266r x14z9mp xat24cr x1lziwak xexx8yu xyri2b x18d9i69 x1c1uobl x1hl2dhg x16tdsg8 x1vvkbs\"><a class=\"x1i10hfl xjbqb8w x1ejq31n x18oe1m7 x1sy0etr xstzfhl x972fbf x10w94by x1qhh985 x14e42zd x9f619 x1ypdohk xt0psk2 x3ct3a4 xdj266r x14z9mp xat24cr x1lziwak xexx8yu xyri2b x18d9i69 x1c1uobl x16tdsg8 x1hl2dhg xggy1nq x1a2a7pz xkrqix3 x1sur9pj x1fey0fg x1s688f\" tabindex=\"0\" role=\"link\" href=\"https:\/\/www.facebook.com\/hashtag\/trabajando?__eep__=6&amp;__cft__[0]=AZZibC20ezyTAOCVkwDUrOn34VJo4TzoWlCRRySC8rLohsiLC1YWm2MX2F66E64ikT7SALxI8go3YWzgawmbYGE_ZVKrRfGbYDzGxmJeuJgj81qAh9iNL7NvQoukT25-rDfx8b_XRX_QE7UBlSmGWuFaZsftu9UzBrjWqHYCsnFv0JI3wepx4rzFlLzbO-9WfHS9794L2lEnYJavkkh0MvQW&amp;__tn__=*NK-R\" target=\"_blank\" rel=\"noopener\">#Trabajando<\/a><\/span> Sin Parar<\/div>\n<\/div>\n","protected":false},"excerpt":{"rendered":"<p>En la comunidad de Corral de Piedras se ha llevado a cabo el proyecto de Mejoramiento del Camino Rural donde a trav\u00e9s de 326 metros lineales de pavimento debidamente se\u00f1alizado y con un espesor que permite el acceso a todo tipo de veh\u00edculos se ha mejorado el acceso. \u00abCorral de Piedras cada d\u00eda m\u00e1s bonito\u00bb [&hellip;]<\/p>\n","protected":false},"author":1,"featured_media":15694,"comment_status":"closed","ping_status":"open","sticky":false,"template":"","format":"gallery","meta":{"footnotes":""},"categories":[63],"tags":[62],"class_list":["post-15702","post","type-post","status-publish","format-gallery","has-post-thumbnail","hentry","category-vias-de-comunicacion","tag-portada","post_format-post-format-gallery"],"_links":{"self":[{"href":"https:\/\/munisanjuanermita.gob.gt\/index.php\/wp-json\/wp\/v2\/posts\/15702","targetHints":{"allow":["GET"]}}],"collection":[{"href":"https:\/\/munisanjuanermita.gob.gt\/index.php\/wp-json\/wp\/v2\/posts"}],"about":[{"href":"https:\/\/munisanjuanermita.gob.gt\/index.php\/wp-json\/wp\/v2\/types\/post"}],"author":[{"embeddable":true,"href":"https:\/\/munisanjuanermita.gob.gt\/index.php\/wp-json\/wp\/v2\/users\/1"}],"replies":[{"embeddable":true,"href":"https:\/\/munisanjuanermita.gob.gt\/index.php\/wp-json\/wp\/v2\/comments?post=15702"}],"version-history":[{"count":1,"href":"https:\/\/munisanjuanermita.gob.gt\/index.php\/wp-json\/wp\/v2\/posts\/15702\/revisions"}],"predecessor-version":[{"id":15703,"href":"https:\/\/munisanjuanermita.gob.gt\/index.php\/wp-json\/wp\/v2\/posts\/15702\/revisions\/15703"}],"wp:featuredmedia":[{"embeddable":true,"href":"https:\/\/munisanjuanermita.gob.gt\/index.php\/wp-json\/wp\/v2\/media\/15694"}],"wp:attachment":[{"href":"https:\/\/munisanjuanermita.gob.gt\/index.php\/wp-json\/wp\/v2\/media?parent=15702"}],"wp:term":[{"taxonomy":"category","embeddable":true,"href":"https:\/\/munisanjuanermita.gob.gt\/index.php\/wp-json\/wp\/v2\/categories?post=15702"},{"taxonomy":"post_tag","embeddable":true,"href":"https:\/\/munisanjuanermita.gob.gt\/index.php\/wp-json\/wp\/v2\/tags?post=15702"}],"curies":[{"name":"wp","href":"https:\/\/api.w.org\/{rel}","templated":true}]}}