{"id":15668,"date":"2026-01-23T08:52:16","date_gmt":"2026-01-23T08:52:16","guid":{"rendered":"https:\/\/munisanjuanermita.gob.gt\/?p=15668"},"modified":"2026-01-23T21:57:15","modified_gmt":"2026-01-23T21:57:15","slug":"viceministro-del-vider-maga-visita-san-juan-ermita-para-verificar-instalacion-de-pilonera","status":"publish","type":"post","link":"https:\/\/munisanjuanermita.gob.gt\/index.php\/2026\/01\/23\/viceministro-del-vider-maga-visita-san-juan-ermita-para-verificar-instalacion-de-pilonera\/","title":{"rendered":"Viceministro del VIDER-MAGA Visita San Juan Ermita para Verificar Instalaci\u00f3n de Pilonera"},"content":{"rendered":"<div class=\"xdj266r x14z9mp xat24cr x1lziwak x1vvkbs x126k92a\">\n<div dir=\"auto\" style=\"text-align: justify;\">San Juan Ermita recibi\u00f3 la visita del Se\u00f1or Viceministro del<strong> VIDER-MAGA<\/strong>, Ing. Jos\u00e9 Antonio L\u00f3pez, con el fin de verificar instalaci\u00f3n de pilonera, la cual estar\u00e1 produciendo pil\u00f3n de diferente variedad de hortalizas nativas y comerciales, un aproximado de 120,000 pilones divididos en 3 ciclos de producci\u00f3n cada a\u00f1o para ser distribuidos en diferentes grupos <strong>CADER<\/strong> del Municipio.<\/div>\n<div dir=\"auto\">\n<div><\/div>\n<\/div>\n<\/div>\n<div class=\"x14z9mp xat24cr x1lziwak x1vvkbs xtlvy1s x126k92a\">\n<div dir=\"auto\">Seguimos <span class=\"html-span xdj266r x14z9mp xat24cr x1lziwak xexx8yu xyri2b x18d9i69 x1c1uobl x1hl2dhg x16tdsg8 x1vvkbs\"><a class=\"x1i10hfl xjbqb8w x1ejq31n x18oe1m7 x1sy0etr xstzfhl x972fbf x10w94by x1qhh985 x14e42zd x9f619 x1ypdohk xt0psk2 x3ct3a4 xdj266r x14z9mp xat24cr x1lziwak xexx8yu xyri2b x18d9i69 x1c1uobl x16tdsg8 x1hl2dhg xggy1nq x1a2a7pz xkrqix3 x1sur9pj x1fey0fg x1s688f\" tabindex=\"0\" role=\"link\" href=\"https:\/\/www.facebook.com\/hashtag\/trabajandosinparar?__eep__=6&amp;__cft__[0]=AZapRG2VwHjMK91a2NSVSc6R1ThUESsQjk__whO7Fa5smQcyTsDzo0bF5PiqEc-x70TMIbBjyc3LsSi7Tg13na2EI38nl_3ObVTTiiZdmJlUPXk7hZhUDuMQ-n42Xlqd7bnmalXAg3aJ5ZjAo8yvRK0JhH2zIUy_PLrTrn195pqZY46RcgIb-ITRzb26vFfY2RK9mC1jY0vYtxqBHf0iVltG&amp;__tn__=*NK-R\" target=\"_blank\" rel=\"noopener\">#TrabajandoSinParar<\/a><\/span><\/div>\n<\/div>\n","protected":false},"excerpt":{"rendered":"<p>San Juan Ermita recibi\u00f3 la visita del Se\u00f1or Viceministro del VIDER-MAGA, Ing. Jos\u00e9 Antonio L\u00f3pez, con el fin de verificar instalaci\u00f3n de pilonera, la cual estar\u00e1 produciendo pil\u00f3n de diferente variedad de hortalizas nativas y comerciales, un aproximado de 120,000 pilones divididos en 3 ciclos de producci\u00f3n cada a\u00f1o para ser distribuidos en diferentes grupos [&hellip;]<\/p>\n","protected":false},"author":1,"featured_media":15659,"comment_status":"closed","ping_status":"open","sticky":false,"template":"","format":"gallery","meta":{"footnotes":""},"categories":[89],"tags":[62],"class_list":["post-15668","post","type-post","status-publish","format-gallery","has-post-thumbnail","hentry","category-seguridad-alimentaria-y-nutricional","tag-portada","post_format-post-format-gallery"],"_links":{"self":[{"href":"https:\/\/munisanjuanermita.gob.gt\/index.php\/wp-json\/wp\/v2\/posts\/15668","targetHints":{"allow":["GET"]}}],"collection":[{"href":"https:\/\/munisanjuanermita.gob.gt\/index.php\/wp-json\/wp\/v2\/posts"}],"about":[{"href":"https:\/\/munisanjuanermita.gob.gt\/index.php\/wp-json\/wp\/v2\/types\/post"}],"author":[{"embeddable":true,"href":"https:\/\/munisanjuanermita.gob.gt\/index.php\/wp-json\/wp\/v2\/users\/1"}],"replies":[{"embeddable":true,"href":"https:\/\/munisanjuanermita.gob.gt\/index.php\/wp-json\/wp\/v2\/comments?post=15668"}],"version-history":[{"count":1,"href":"https:\/\/munisanjuanermita.gob.gt\/index.php\/wp-json\/wp\/v2\/posts\/15668\/revisions"}],"predecessor-version":[{"id":15669,"href":"https:\/\/munisanjuanermita.gob.gt\/index.php\/wp-json\/wp\/v2\/posts\/15668\/revisions\/15669"}],"wp:featuredmedia":[{"embeddable":true,"href":"https:\/\/munisanjuanermita.gob.gt\/index.php\/wp-json\/wp\/v2\/media\/15659"}],"wp:attachment":[{"href":"https:\/\/munisanjuanermita.gob.gt\/index.php\/wp-json\/wp\/v2\/media?parent=15668"}],"wp:term":[{"taxonomy":"category","embeddable":true,"href":"https:\/\/munisanjuanermita.gob.gt\/index.php\/wp-json\/wp\/v2\/categories?post=15668"},{"taxonomy":"post_tag","embeddable":true,"href":"https:\/\/munisanjuanermita.gob.gt\/index.php\/wp-json\/wp\/v2\/tags?post=15668"}],"curies":[{"name":"wp","href":"https:\/\/api.w.org\/{rel}","templated":true}]}}