{"id":15562,"date":"2026-01-08T15:34:04","date_gmt":"2026-01-08T15:34:04","guid":{"rendered":"https:\/\/munisanjuanermita.gob.gt\/?p=15562"},"modified":"2026-01-14T20:54:39","modified_gmt":"2026-01-14T20:54:39","slug":"comude-enero","status":"publish","type":"post","link":"https:\/\/munisanjuanermita.gob.gt\/index.php\/2026\/01\/08\/comude-enero\/","title":{"rendered":"COMUDE ENERO"},"content":{"rendered":"<div class=\"xdj266r x14z9mp xat24cr x1lziwak x1vvkbs x126k92a\">\n<div dir=\"auto\" style=\"text-align: justify;\">Municipalidad de San Juan Ermita llev\u00f3 a cabo la reuni\u00f3n ordinaria de <strong>COMUDE<\/strong> correspondiente al primer mes del a\u00f1o donde se trataron temas como:<\/div>\n<\/div>\n<div class=\"x14z9mp xat24cr x1lziwak x1vvkbs xtlvy1s x126k92a\" style=\"text-align: justify;\">\n<div dir=\"auto\"><span class=\"html-span xexx8yu xyri2b x18d9i69 x1c1uobl x1hl2dhg x16tdsg8 x1vvkbs x3nfvp2 x1j61x8r x1fcty0u xdj266r xat24cr xm2jcoa x1mpyi22 xxymvpz xlup9mm x1kky2od\"><img loading=\"lazy\" decoding=\"async\" class=\"xz74otr x15mokao x1ga7v0g x16uus16 xbiv7yw\" src=\"https:\/\/static.xx.fbcdn.net\/images\/emoji.php\/v9\/t33\/1\/16\/2705.png\" alt=\"\u2705\" width=\"16\" height=\"16\" \/><\/span> Informaci\u00f3n sobre proyectos actuales en las comunidades.<\/div>\n<div dir=\"auto\"><span class=\"html-span xexx8yu xyri2b x18d9i69 x1c1uobl x1hl2dhg x16tdsg8 x1vvkbs x3nfvp2 x1j61x8r x1fcty0u xdj266r xat24cr xm2jcoa x1mpyi22 xxymvpz xlup9mm x1kky2od\"><img loading=\"lazy\" decoding=\"async\" class=\"xz74otr x15mokao x1ga7v0g x16uus16 xbiv7yw\" src=\"https:\/\/static.xx.fbcdn.net\/images\/emoji.php\/v9\/t33\/1\/16\/2705.png\" alt=\"\u2705\" width=\"16\" height=\"16\" \/><\/span> Situaci\u00f3n de Salud en el Municipio.<\/div>\n<div dir=\"auto\"><span class=\"html-span xexx8yu xyri2b x18d9i69 x1c1uobl x1hl2dhg x16tdsg8 x1vvkbs x3nfvp2 x1j61x8r x1fcty0u xdj266r xat24cr xm2jcoa x1mpyi22 xxymvpz xlup9mm x1kky2od\"><img loading=\"lazy\" decoding=\"async\" class=\"xz74otr x15mokao x1ga7v0g x16uus16 xbiv7yw\" src=\"https:\/\/static.xx.fbcdn.net\/images\/emoji.php\/v9\/t33\/1\/16\/2705.png\" alt=\"\u2705\" width=\"16\" height=\"16\" \/><\/span> Informaci\u00f3n sobre continuidad de iniciativa mano a mano.<\/div>\n<div dir=\"auto\"><span class=\"html-span xexx8yu xyri2b x18d9i69 x1c1uobl x1hl2dhg x16tdsg8 x1vvkbs x3nfvp2 x1j61x8r x1fcty0u xdj266r xat24cr xm2jcoa x1mpyi22 xxymvpz xlup9mm x1kky2od\"><img loading=\"lazy\" decoding=\"async\" class=\"xz74otr x15mokao x1ga7v0g x16uus16 xbiv7yw\" src=\"https:\/\/static.xx.fbcdn.net\/images\/emoji.php\/v9\/t33\/1\/16\/2705.png\" alt=\"\u2705\" width=\"16\" height=\"16\" \/><\/span> Informaci\u00f3n sobre proyecto <strong>AVANZACAF\u00c9<\/strong>.<\/div>\n<\/div>\n<div class=\"x14z9mp xat24cr x1lziwak x1vvkbs xtlvy1s x126k92a\">\n<div dir=\"auto\" style=\"text-align: justify;\">Entre otros temas de inter\u00e9s, adem\u00e1s los representantes comunitarios aprovecharon el espacio para agradecer las gestiones del\u00a0 que ha permitido diferentes obras, programas y proyectos para las Aldeas y Caser\u00edos.<\/div>\n<div dir=\"auto\">\n<div><\/div>\n<div><a href=\"https:\/\/www.facebook.com\/share\/v\/1CRiXpwWVp\/\" target=\"_blank\" rel=\"noopener\"><img loading=\"lazy\" decoding=\"async\" class=\"aligncenter wp-image-15563 size-full\" title=\"Ver video\" src=\"https:\/\/munisanjuanermita.gob.gt\/wp-content\/uploads\/2026\/01\/1-20.jpg\" alt=\"\" width=\"900\" height=\"600\" srcset=\"https:\/\/munisanjuanermita.gob.gt\/wp-content\/uploads\/2026\/01\/1-20.jpg 900w, https:\/\/munisanjuanermita.gob.gt\/wp-content\/uploads\/2026\/01\/1-20-300x200.jpg 300w\" sizes=\"auto, (max-width: 900px) 100vw, 900px\" \/><\/a> <a href=\"https:\/\/www.facebook.com\/share\/v\/1FHU6czBAR\/\" target=\"_blank\" rel=\"noopener\"><img loading=\"lazy\" decoding=\"async\" class=\"aligncenter wp-image-15564 size-full\" title=\"Ver video\" src=\"https:\/\/munisanjuanermita.gob.gt\/wp-content\/uploads\/2026\/01\/2-18.jpg\" alt=\"\" width=\"900\" height=\"600\" srcset=\"https:\/\/munisanjuanermita.gob.gt\/wp-content\/uploads\/2026\/01\/2-18.jpg 900w, https:\/\/munisanjuanermita.gob.gt\/wp-content\/uploads\/2026\/01\/2-18-300x200.jpg 300w\" sizes=\"auto, (max-width: 900px) 100vw, 900px\" \/><\/a><\/div>\n<\/div>\n<\/div>\n","protected":false},"excerpt":{"rendered":"<p>Municipalidad de San Juan Ermita llev\u00f3 a cabo la reuni\u00f3n ordinaria de COMUDE correspondiente al primer mes del a\u00f1o donde se trataron temas como: Informaci\u00f3n sobre proyectos actuales en las comunidades. Situaci\u00f3n de Salud en el Municipio. Informaci\u00f3n sobre continuidad de iniciativa mano a mano. Informaci\u00f3n sobre proyecto AVANZACAF\u00c9. Entre otros temas de inter\u00e9s, adem\u00e1s [&hellip;]<\/p>\n","protected":false},"author":1,"featured_media":15544,"comment_status":"closed","ping_status":"open","sticky":false,"template":"","format":"gallery","meta":{"footnotes":""},"categories":[68],"tags":[62],"class_list":["post-15562","post","type-post","status-publish","format-gallery","has-post-thumbnail","hentry","category-participacion-ciudadana","tag-portada","post_format-post-format-gallery"],"_links":{"self":[{"href":"https:\/\/munisanjuanermita.gob.gt\/index.php\/wp-json\/wp\/v2\/posts\/15562","targetHints":{"allow":["GET"]}}],"collection":[{"href":"https:\/\/munisanjuanermita.gob.gt\/index.php\/wp-json\/wp\/v2\/posts"}],"about":[{"href":"https:\/\/munisanjuanermita.gob.gt\/index.php\/wp-json\/wp\/v2\/types\/post"}],"author":[{"embeddable":true,"href":"https:\/\/munisanjuanermita.gob.gt\/index.php\/wp-json\/wp\/v2\/users\/1"}],"replies":[{"embeddable":true,"href":"https:\/\/munisanjuanermita.gob.gt\/index.php\/wp-json\/wp\/v2\/comments?post=15562"}],"version-history":[{"count":1,"href":"https:\/\/munisanjuanermita.gob.gt\/index.php\/wp-json\/wp\/v2\/posts\/15562\/revisions"}],"predecessor-version":[{"id":15565,"href":"https:\/\/munisanjuanermita.gob.gt\/index.php\/wp-json\/wp\/v2\/posts\/15562\/revisions\/15565"}],"wp:featuredmedia":[{"embeddable":true,"href":"https:\/\/munisanjuanermita.gob.gt\/index.php\/wp-json\/wp\/v2\/media\/15544"}],"wp:attachment":[{"href":"https:\/\/munisanjuanermita.gob.gt\/index.php\/wp-json\/wp\/v2\/media?parent=15562"}],"wp:term":[{"taxonomy":"category","embeddable":true,"href":"https:\/\/munisanjuanermita.gob.gt\/index.php\/wp-json\/wp\/v2\/categories?post=15562"},{"taxonomy":"post_tag","embeddable":true,"href":"https:\/\/munisanjuanermita.gob.gt\/index.php\/wp-json\/wp\/v2\/tags?post=15562"}],"curies":[{"name":"wp","href":"https:\/\/api.w.org\/{rel}","templated":true}]}}