{"id":15095,"date":"2025-12-06T12:22:08","date_gmt":"2025-12-06T12:22:08","guid":{"rendered":"https:\/\/munisanjuanermita.gob.gt\/?p=15095"},"modified":"2025-12-08T22:27:11","modified_gmt":"2025-12-08T22:27:11","slug":"alli-donde-el-agua-nace","status":"publish","type":"post","link":"https:\/\/munisanjuanermita.gob.gt\/index.php\/2025\/12\/06\/alli-donde-el-agua-nace\/","title":{"rendered":"All\u00ed Donde el Agua Nace"},"content":{"rendered":"<div class=\"xdj266r x14z9mp xat24cr x1lziwak x1vvkbs x126k92a\">\n<div dir=\"auto\">Don Miguel, originario de San Juan Ermita, Chiquimula, Guatemala, es un guardi\u00e1n silencioso de la tierra. Desde sus 17 a\u00f1os ha vivido con las manos hundidas en el suelo f\u00e9rtil, sembrando y cosechando cebolla con la paciencia de quien entiende que el tiempo no se domina: se acompa\u00f1a. En enero de 2026 cumplir\u00e1 88 a\u00f1os, y a\u00fan as\u00ed, cada amanecer se dirije hacia su parcela como quien regresa al origen, al peque\u00f1o altar donde la vida se renueva entre surcos, luz y memoria.<\/div>\n<\/div>\n<div class=\"x14z9mp xat24cr x1lziwak x1vvkbs xtlvy1s x126k92a\">\n<div dir=\"auto\">Su campo duerme a los pies de los cerros donde las pe\u00f1as guardan pinturas rupestres, marcas antiguas que murmuran historias de los primeros habitantes, como si el pasado y el presente dialogaran en la misma piedra. Desde estas monta\u00f1as nacen manantiales que se deslizan por barrancas y ca\u00eddas, agua pura que Don Miguel ha usado durante d\u00e9cadas para regar sus cultivos. Esa misma agua, que en lo alto comienza como susurro, se convierte m\u00e1s adelante en r\u00edo: en estas monta\u00f1as guatemaltecas despierta el Lempa, arteria vital que cruza fronteras y alimenta tierras enteras.<\/div>\n<\/div>\n<div class=\"x14z9mp xat24cr x1lziwak x1vvkbs xtlvy1s x126k92a\">\n<div dir=\"auto\" style=\"text-align: justify;\">El mural es un homenaje a esa comuni\u00f3n entre hombre y naturaleza, entre oficio y esp\u00edritu. Don Miguel no solo siembra cebolla: siembra continuidad, siembra dignidad, siembra historia. Su vida es un puente entre generaciones, un recordatorio de que la tierra reconoce a quienes la aman y les devuelve, no solo alimento, sino sentido.<\/div>\n<div dir=\"auto\" style=\"text-align: justify;\">El mural se despliega como un poema visual lleno de contrastes y vida.<\/div>\n<div dir=\"auto\" style=\"text-align: justify;\">Su brazo estirado sosteniendo su machete como s\u00edmbolo de resistencia y otro brazo a la par sosteniendo las cebollas que cultiva.<\/div>\n<div dir=\"auto\" style=\"text-align: justify;\">Predominan verdes intensos y amarillos c\u00e1lidos, que evocan los cultivos de cebolla, la luz del campo y la energ\u00eda del sol. Los azules y violetas del cielo y las sombras a\u00f1aden un tono nocturno y contemplativo, como si la monta\u00f1a guardara silencios antiguos.<\/div>\n<div dir=\"auto\" style=\"text-align: justify;\">El retrato de Don Miguel est\u00e1 construido con ocres, caf\u00e9s, dorados y pieles profundas, resaltando cada surco de su rostro, cada l\u00ednea que el tiempo ha tallado como un mapa de sabidur\u00eda.<\/div>\n<div dir=\"auto\" style=\"text-align: justify;\">A la izquierda, un zanate en tonos azules fr\u00edos navega entre ca\u00f1as y vegetaci\u00f3n pintada con verdes aguamarina, mientras peque\u00f1os acentos en rojo a\u00f1aden energ\u00eda y movimiento al conjunto.<\/div>\n<div dir=\"auto\" style=\"text-align: justify;\">Todo el mural vibra entre el realismo y la met\u00e1fora, entre colores tierra y cielo, entre lo que crece y lo que trasciende.<\/div>\n<\/div>\n<div class=\"x14z9mp xat24cr x1lziwak x1vvkbs xtlvy1s x126k92a\">\n<div dir=\"auto\" style=\"text-align: justify;\">Palabras escritas por el muralista Juan Carlos Hern\u00e1ndez Eleno oriundo de M\u00e9xico<\/div>\n<div dir=\"auto\">\n<div><\/div>\n<\/div>\n<\/div>\n","protected":false},"excerpt":{"rendered":"<p>Don Miguel, originario de San Juan Ermita, Chiquimula, Guatemala, es un guardi\u00e1n silencioso de la tierra. Desde sus 17 a\u00f1os ha vivido con las manos hundidas en el suelo f\u00e9rtil, sembrando y cosechando cebolla con la paciencia de quien entiende que el tiempo no se domina: se acompa\u00f1a. En enero de 2026 cumplir\u00e1 88 a\u00f1os, [&hellip;]<\/p>\n","protected":false},"author":1,"featured_media":15091,"comment_status":"closed","ping_status":"open","sticky":false,"template":"","format":"gallery","meta":{"footnotes":""},"categories":[96],"tags":[62],"class_list":["post-15095","post","type-post","status-publish","format-gallery","has-post-thumbnail","hentry","category-cultura","tag-portada","post_format-post-format-gallery"],"_links":{"self":[{"href":"https:\/\/munisanjuanermita.gob.gt\/index.php\/wp-json\/wp\/v2\/posts\/15095","targetHints":{"allow":["GET"]}}],"collection":[{"href":"https:\/\/munisanjuanermita.gob.gt\/index.php\/wp-json\/wp\/v2\/posts"}],"about":[{"href":"https:\/\/munisanjuanermita.gob.gt\/index.php\/wp-json\/wp\/v2\/types\/post"}],"author":[{"embeddable":true,"href":"https:\/\/munisanjuanermita.gob.gt\/index.php\/wp-json\/wp\/v2\/users\/1"}],"replies":[{"embeddable":true,"href":"https:\/\/munisanjuanermita.gob.gt\/index.php\/wp-json\/wp\/v2\/comments?post=15095"}],"version-history":[{"count":1,"href":"https:\/\/munisanjuanermita.gob.gt\/index.php\/wp-json\/wp\/v2\/posts\/15095\/revisions"}],"predecessor-version":[{"id":15096,"href":"https:\/\/munisanjuanermita.gob.gt\/index.php\/wp-json\/wp\/v2\/posts\/15095\/revisions\/15096"}],"wp:featuredmedia":[{"embeddable":true,"href":"https:\/\/munisanjuanermita.gob.gt\/index.php\/wp-json\/wp\/v2\/media\/15091"}],"wp:attachment":[{"href":"https:\/\/munisanjuanermita.gob.gt\/index.php\/wp-json\/wp\/v2\/media?parent=15095"}],"wp:term":[{"taxonomy":"category","embeddable":true,"href":"https:\/\/munisanjuanermita.gob.gt\/index.php\/wp-json\/wp\/v2\/categories?post=15095"},{"taxonomy":"post_tag","embeddable":true,"href":"https:\/\/munisanjuanermita.gob.gt\/index.php\/wp-json\/wp\/v2\/tags?post=15095"}],"curies":[{"name":"wp","href":"https:\/\/api.w.org\/{rel}","templated":true}]}}