{"id":14430,"date":"2025-10-01T19:51:17","date_gmt":"2025-10-01T19:51:17","guid":{"rendered":"https:\/\/munisanjuanermita.gob.gt\/?p=14430"},"modified":"2025-10-31T22:24:58","modified_gmt":"2025-10-31T22:24:58","slug":"firma-de-convenio-con-el-gobernador-departamental","status":"publish","type":"post","link":"https:\/\/munisanjuanermita.gob.gt\/index.php\/2025\/10\/01\/firma-de-convenio-con-el-gobernador-departamental\/","title":{"rendered":"Firma De Convenio Con El Gobernador Departamental"},"content":{"rendered":"<div class=\"xdj266r x14z9mp xat24cr x1lziwak x1vvkbs x126k92a\">\n<div dir=\"auto\" style=\"text-align: justify;\">Alcalde Municipal\u00a0y Gobernador Departamental Lic. Luis Comp\u00e1 llevaron a cabo la firma del convenio para ejecutar el proyecto Circulaci\u00f3n Escuela Primaria Caser\u00edo La Ceibita, Aldea El Coco, San Juan Ermita.<\/div>\n<\/div>\n<div class=\"x14z9mp xat24cr x1lziwak x1vvkbs xtlvy1s x126k92a\">\n<div dir=\"auto\" style=\"text-align: justify;\">Estos proyectos vienen a beneficiar las comunidades del Municipio y significan desarrollo para las mismas.<\/div>\n<div dir=\"auto\">\n<div><\/div>\n<\/div>\n<\/div>\n<p><a href=\"https:\/\/www.facebook.com\/share\/v\/16Mb5gsr1q\/\" target=\"_blank\" rel=\"noopener\"><img loading=\"lazy\" decoding=\"async\" class=\"aligncenter wp-image-14431 size-full\" title=\"Ver video\" src=\"https:\/\/munisanjuanermita.gob.gt\/wp-content\/uploads\/2025\/10\/1-52.jpg\" alt=\"\" width=\"900\" height=\"600\" srcset=\"https:\/\/munisanjuanermita.gob.gt\/wp-content\/uploads\/2025\/10\/1-52.jpg 900w, https:\/\/munisanjuanermita.gob.gt\/wp-content\/uploads\/2025\/10\/1-52-300x200.jpg 300w\" sizes=\"auto, (max-width: 900px) 100vw, 900px\" \/><\/a><\/p>\n","protected":false},"excerpt":{"rendered":"<p>Alcalde Municipal\u00a0y Gobernador Departamental Lic. Luis Comp\u00e1 llevaron a cabo la firma del convenio para ejecutar el proyecto Circulaci\u00f3n Escuela Primaria Caser\u00edo La Ceibita, Aldea El Coco, San Juan Ermita. Estos proyectos vienen a beneficiar las comunidades del Municipio y significan desarrollo para las mismas.<\/p>\n","protected":false},"author":1,"featured_media":14432,"comment_status":"closed","ping_status":"open","sticky":false,"template":"","format":"video","meta":{"footnotes":""},"categories":[120],"tags":[62],"class_list":["post-14430","post","type-post","status-publish","format-video","has-post-thumbnail","hentry","category-desarrollo-municipal","tag-portada","post_format-post-format-video"],"_links":{"self":[{"href":"https:\/\/munisanjuanermita.gob.gt\/index.php\/wp-json\/wp\/v2\/posts\/14430","targetHints":{"allow":["GET"]}}],"collection":[{"href":"https:\/\/munisanjuanermita.gob.gt\/index.php\/wp-json\/wp\/v2\/posts"}],"about":[{"href":"https:\/\/munisanjuanermita.gob.gt\/index.php\/wp-json\/wp\/v2\/types\/post"}],"author":[{"embeddable":true,"href":"https:\/\/munisanjuanermita.gob.gt\/index.php\/wp-json\/wp\/v2\/users\/1"}],"replies":[{"embeddable":true,"href":"https:\/\/munisanjuanermita.gob.gt\/index.php\/wp-json\/wp\/v2\/comments?post=14430"}],"version-history":[{"count":2,"href":"https:\/\/munisanjuanermita.gob.gt\/index.php\/wp-json\/wp\/v2\/posts\/14430\/revisions"}],"predecessor-version":[{"id":14441,"href":"https:\/\/munisanjuanermita.gob.gt\/index.php\/wp-json\/wp\/v2\/posts\/14430\/revisions\/14441"}],"wp:featuredmedia":[{"embeddable":true,"href":"https:\/\/munisanjuanermita.gob.gt\/index.php\/wp-json\/wp\/v2\/media\/14432"}],"wp:attachment":[{"href":"https:\/\/munisanjuanermita.gob.gt\/index.php\/wp-json\/wp\/v2\/media?parent=14430"}],"wp:term":[{"taxonomy":"category","embeddable":true,"href":"https:\/\/munisanjuanermita.gob.gt\/index.php\/wp-json\/wp\/v2\/categories?post=14430"},{"taxonomy":"post_tag","embeddable":true,"href":"https:\/\/munisanjuanermita.gob.gt\/index.php\/wp-json\/wp\/v2\/tags?post=14430"}],"curies":[{"name":"wp","href":"https:\/\/api.w.org\/{rel}","templated":true}]}}