{"id":13912,"date":"2025-08-20T18:02:50","date_gmt":"2025-08-20T18:02:50","guid":{"rendered":"https:\/\/munisanjuanermita.gob.gt\/?p=13912"},"modified":"2025-10-29T22:59:25","modified_gmt":"2025-10-29T22:59:25","slug":"municipalidad-de-san-juan-ermita-entrega-raciones-alimentarias-para-ninos-con-desnutricion-aguda","status":"publish","type":"post","link":"https:\/\/munisanjuanermita.gob.gt\/index.php\/2025\/08\/20\/municipalidad-de-san-juan-ermita-entrega-raciones-alimentarias-para-ninos-con-desnutricion-aguda\/","title":{"rendered":"Municipalidad de San Juan Ermita entrega raciones alimentarias para ni\u00f1os con desnutrici\u00f3n aguda"},"content":{"rendered":"<div class=\"xdj266r x14z9mp xat24cr x1lziwak x1vvkbs x126k92a\">\n<div dir=\"auto\" style=\"text-align: justify;\">En nuestro municipio se entregaron 9 raciones alimentarias \u00a0para la atenci\u00f3n de ni\u00f1os y ni\u00f1as con desnutrici\u00f3n aguda.<\/div>\n<\/div>\n<div class=\"x14z9mp xat24cr x1lziwak x1vvkbs xtlvy1s x126k92a\">\n<div dir=\"auto\" style=\"text-align: justify;\">Este esfuerzo se hace posible gracias al acompa\u00f1amiento de <strong>DIMSAN<\/strong>, <strong>VISAN<\/strong> y <strong>MAGA<\/strong>, reafirmando el compromiso por la seguridad alimentaria y el bienestar de las familias sanjuaneras.<\/div>\n<div dir=\"auto\">\n<div><\/div>\n<\/div>\n<\/div>\n<div class=\"x14z9mp xat24cr x1lziwak x1vvkbs xtlvy1s x126k92a\">\n<div dir=\"auto\"><span class=\"html-span xdj266r x14z9mp xat24cr x1lziwak xexx8yu xyri2b x18d9i69 x1c1uobl x1hl2dhg x16tdsg8 x1vvkbs\"><a class=\"x1i10hfl xjbqb8w x1ejq31n x18oe1m7 x1sy0etr xstzfhl x972fbf x10w94by x1qhh985 x14e42zd x9f619 x1ypdohk xt0psk2 x3ct3a4 xdj266r x14z9mp xat24cr x1lziwak xexx8yu xyri2b x18d9i69 x1c1uobl x16tdsg8 x1hl2dhg xggy1nq x1a2a7pz xkrqix3 x1sur9pj x1fey0fg x1s688f\" tabindex=\"0\" role=\"link\" href=\"https:\/\/www.facebook.com\/hashtag\/munisanjuan?__eep__=6&amp;__cft__[0]=AZXbUhXD7pc2rk45hz89UkyPMdxXEqg2yu-4oUqvofbUaQCxudxhyRk1r7i7bCXf5ZtcfHqfGk9LHL-mftYuPFjAUj0fLAsGsS_kaFpxyWAjuCusTlNn4TzYH-_aCTACOBIGc_lGz-GO1JH3t1ZmyT19fYB9mh1Swi9iBinGpMxSgw0gdG75Ho8LlG5_NsPvkDnhwhpsmiOz4g9QalkLWH0d&amp;__tn__=*NK-R\" target=\"_blank\" rel=\"noopener\">#munisanjuan<\/a><\/span><\/div>\n<div dir=\"auto\"><span class=\"html-span xdj266r x14z9mp xat24cr x1lziwak xexx8yu xyri2b x18d9i69 x1c1uobl x1hl2dhg x16tdsg8 x1vvkbs\"><a class=\"x1i10hfl xjbqb8w x1ejq31n x18oe1m7 x1sy0etr xstzfhl x972fbf x10w94by x1qhh985 x14e42zd x9f619 x1ypdohk xt0psk2 x3ct3a4 xdj266r x14z9mp xat24cr x1lziwak xexx8yu xyri2b x18d9i69 x1c1uobl x16tdsg8 x1hl2dhg xggy1nq x1a2a7pz xkrqix3 x1sur9pj x1fey0fg x1s688f\" tabindex=\"0\" role=\"link\" href=\"https:\/\/www.facebook.com\/hashtag\/trabajandosinparar?__eep__=6&amp;__cft__[0]=AZXbUhXD7pc2rk45hz89UkyPMdxXEqg2yu-4oUqvofbUaQCxudxhyRk1r7i7bCXf5ZtcfHqfGk9LHL-mftYuPFjAUj0fLAsGsS_kaFpxyWAjuCusTlNn4TzYH-_aCTACOBIGc_lGz-GO1JH3t1ZmyT19fYB9mh1Swi9iBinGpMxSgw0gdG75Ho8LlG5_NsPvkDnhwhpsmiOz4g9QalkLWH0d&amp;__tn__=*NK-R\" target=\"_blank\" rel=\"noopener\">#TrabajandoSinParar<\/a><\/span><\/div>\n<\/div>\n","protected":false},"excerpt":{"rendered":"<p>En nuestro municipio se entregaron 9 raciones alimentarias \u00a0para la atenci\u00f3n de ni\u00f1os y ni\u00f1as con desnutrici\u00f3n aguda. Este esfuerzo se hace posible gracias al acompa\u00f1amiento de DIMSAN, VISAN y MAGA, reafirmando el compromiso por la seguridad alimentaria y el bienestar de las familias sanjuaneras. #munisanjuan #TrabajandoSinParar<\/p>\n","protected":false},"author":1,"featured_media":13911,"comment_status":"closed","ping_status":"open","sticky":false,"template":"","format":"gallery","meta":{"footnotes":""},"categories":[89],"tags":[62],"class_list":["post-13912","post","type-post","status-publish","format-gallery","has-post-thumbnail","hentry","category-seguridad-alimentaria-y-nutricional","tag-portada","post_format-post-format-gallery"],"_links":{"self":[{"href":"https:\/\/munisanjuanermita.gob.gt\/index.php\/wp-json\/wp\/v2\/posts\/13912","targetHints":{"allow":["GET"]}}],"collection":[{"href":"https:\/\/munisanjuanermita.gob.gt\/index.php\/wp-json\/wp\/v2\/posts"}],"about":[{"href":"https:\/\/munisanjuanermita.gob.gt\/index.php\/wp-json\/wp\/v2\/types\/post"}],"author":[{"embeddable":true,"href":"https:\/\/munisanjuanermita.gob.gt\/index.php\/wp-json\/wp\/v2\/users\/1"}],"replies":[{"embeddable":true,"href":"https:\/\/munisanjuanermita.gob.gt\/index.php\/wp-json\/wp\/v2\/comments?post=13912"}],"version-history":[{"count":1,"href":"https:\/\/munisanjuanermita.gob.gt\/index.php\/wp-json\/wp\/v2\/posts\/13912\/revisions"}],"predecessor-version":[{"id":13913,"href":"https:\/\/munisanjuanermita.gob.gt\/index.php\/wp-json\/wp\/v2\/posts\/13912\/revisions\/13913"}],"wp:featuredmedia":[{"embeddable":true,"href":"https:\/\/munisanjuanermita.gob.gt\/index.php\/wp-json\/wp\/v2\/media\/13911"}],"wp:attachment":[{"href":"https:\/\/munisanjuanermita.gob.gt\/index.php\/wp-json\/wp\/v2\/media?parent=13912"}],"wp:term":[{"taxonomy":"category","embeddable":true,"href":"https:\/\/munisanjuanermita.gob.gt\/index.php\/wp-json\/wp\/v2\/categories?post=13912"},{"taxonomy":"post_tag","embeddable":true,"href":"https:\/\/munisanjuanermita.gob.gt\/index.php\/wp-json\/wp\/v2\/tags?post=13912"}],"curies":[{"name":"wp","href":"https:\/\/api.w.org\/{rel}","templated":true}]}}