{"id":12421,"date":"2025-03-17T13:10:35","date_gmt":"2025-03-17T13:10:35","guid":{"rendered":"https:\/\/munisanjuanermita.gob.gt\/?p=12421"},"modified":"2025-04-07T22:12:19","modified_gmt":"2025-04-07T22:12:19","slug":"fomentando-valores-sensibilizacion-por-el-dia-nacional-de-la-no-violencia-contra-la-ninez","status":"publish","type":"post","link":"https:\/\/munisanjuanermita.gob.gt\/index.php\/2025\/03\/17\/fomentando-valores-sensibilizacion-por-el-dia-nacional-de-la-no-violencia-contra-la-ninez\/","title":{"rendered":"Fomentando Valores: Sensibilizaci\u00f3n por el D\u00eda Nacional de la No Violencia Contra la Ni\u00f1ez"},"content":{"rendered":"<div class=\"xdj266r x11i5rnm xat24cr x1mh8g0r x1vvkbs x126k92a\">\n<div dir=\"auto\"><span class=\"html-span xdj266r x11i5rnm xat24cr x1mh8g0r xexx8yu x4uap5 x18d9i69 xkhd6sd x1hl2dhg x16tdsg8 x1vvkbs\"><a class=\"x1i10hfl xjbqb8w x1ejq31n xd10rxx x1sy0etr x17r0tee x972fbf xcfux6l x1qhh985 xm0m39n x9f619 x1ypdohk xt0psk2 xe8uvvx xdj266r x11i5rnm xat24cr x1mh8g0r xexx8yu x4uap5 x18d9i69 xkhd6sd x16tdsg8 x1hl2dhg xggy1nq x1a2a7pz xkrqix3 x1sur9pj x1fey0fg x1s688f\" tabindex=\"0\" role=\"link\" href=\"https:\/\/www.facebook.com\/hashtag\/buenasacciones?__eep__=6&amp;__cft__[0]=AZUqW_X4rpWVQlpkK0UeUONJqeunTtKvUX58ZFn_uBqmXEK0WixL6v_UGq2tsp4SrSCm9zfhMgrRcvwM6OXHun6UydU3xKKyldMI601EdnyDaE0nCGmA_-o55EKF1_Ju8J9sokdO3iaGFWBBgsXMapCQ7SNHDw2AI427UzP7dN2NMAlondhL3gvooycaYyYPba6IOVsnJjrvF76WIHLdJ30P&amp;__tn__=*NK-R\" target=\"_blank\" rel=\"noopener\">#BuenasAcciones<\/a><\/span><\/div>\n<\/div>\n<div class=\"x11i5rnm xat24cr x1mh8g0r x1vvkbs xtlvy1s x126k92a\">\n<div dir=\"auto\">En el marco del D\u00eda Nacional de la No Violencia Contra la Ni\u00f1ez, la Municipalidad de San Juan Ermita llev\u00f3 a cabo una sensibilizaci\u00f3n con ni\u00f1os de las escuelas de Los Planes, Casco Urbano, El Coco y Veguitas para ense\u00f1ar, desde temprana edad, valores, derechos y obligaciones a los mismos.<\/div>\n<div dir=\"auto\">\n<div><\/div>\n<\/div>\n<\/div>\n<div class=\"x11i5rnm xat24cr x1mh8g0r x1vvkbs xtlvy1s x126k92a\">\n<div dir=\"auto\">Seguimos <span class=\"html-span xdj266r x11i5rnm xat24cr x1mh8g0r xexx8yu x4uap5 x18d9i69 xkhd6sd x1hl2dhg x16tdsg8 x1vvkbs\"><a class=\"x1i10hfl xjbqb8w x1ejq31n xd10rxx x1sy0etr x17r0tee x972fbf xcfux6l x1qhh985 xm0m39n x9f619 x1ypdohk xt0psk2 xe8uvvx xdj266r x11i5rnm xat24cr x1mh8g0r xexx8yu x4uap5 x18d9i69 xkhd6sd x16tdsg8 x1hl2dhg xggy1nq x1a2a7pz xkrqix3 x1sur9pj x1fey0fg x1s688f\" tabindex=\"0\" role=\"link\" href=\"https:\/\/www.facebook.com\/hashtag\/trabajandosinparar?__eep__=6&amp;__cft__[0]=AZUqW_X4rpWVQlpkK0UeUONJqeunTtKvUX58ZFn_uBqmXEK0WixL6v_UGq2tsp4SrSCm9zfhMgrRcvwM6OXHun6UydU3xKKyldMI601EdnyDaE0nCGmA_-o55EKF1_Ju8J9sokdO3iaGFWBBgsXMapCQ7SNHDw2AI427UzP7dN2NMAlondhL3gvooycaYyYPba6IOVsnJjrvF76WIHLdJ30P&amp;__tn__=*NK-R\" target=\"_blank\" rel=\"noopener\">#TrabajandoSinParar<\/a><\/span><\/div>\n<\/div>\n","protected":false},"excerpt":{"rendered":"<p>#BuenasAcciones En el marco del D\u00eda Nacional de la No Violencia Contra la Ni\u00f1ez, la Municipalidad de San Juan Ermita llev\u00f3 a cabo una sensibilizaci\u00f3n con ni\u00f1os de las escuelas de Los Planes, Casco Urbano, El Coco y Veguitas para ense\u00f1ar, desde temprana edad, valores, derechos y obligaciones a los mismos. Seguimos #TrabajandoSinParar<\/p>\n","protected":false},"author":1,"featured_media":12419,"comment_status":"closed","ping_status":"open","sticky":false,"template":"","format":"gallery","meta":{"footnotes":""},"categories":[73],"tags":[62],"class_list":["post-12421","post","type-post","status-publish","format-gallery","has-post-thumbnail","hentry","category-educacion","tag-portada","post_format-post-format-gallery"],"_links":{"self":[{"href":"https:\/\/munisanjuanermita.gob.gt\/index.php\/wp-json\/wp\/v2\/posts\/12421","targetHints":{"allow":["GET"]}}],"collection":[{"href":"https:\/\/munisanjuanermita.gob.gt\/index.php\/wp-json\/wp\/v2\/posts"}],"about":[{"href":"https:\/\/munisanjuanermita.gob.gt\/index.php\/wp-json\/wp\/v2\/types\/post"}],"author":[{"embeddable":true,"href":"https:\/\/munisanjuanermita.gob.gt\/index.php\/wp-json\/wp\/v2\/users\/1"}],"replies":[{"embeddable":true,"href":"https:\/\/munisanjuanermita.gob.gt\/index.php\/wp-json\/wp\/v2\/comments?post=12421"}],"version-history":[{"count":1,"href":"https:\/\/munisanjuanermita.gob.gt\/index.php\/wp-json\/wp\/v2\/posts\/12421\/revisions"}],"predecessor-version":[{"id":12422,"href":"https:\/\/munisanjuanermita.gob.gt\/index.php\/wp-json\/wp\/v2\/posts\/12421\/revisions\/12422"}],"wp:featuredmedia":[{"embeddable":true,"href":"https:\/\/munisanjuanermita.gob.gt\/index.php\/wp-json\/wp\/v2\/media\/12419"}],"wp:attachment":[{"href":"https:\/\/munisanjuanermita.gob.gt\/index.php\/wp-json\/wp\/v2\/media?parent=12421"}],"wp:term":[{"taxonomy":"category","embeddable":true,"href":"https:\/\/munisanjuanermita.gob.gt\/index.php\/wp-json\/wp\/v2\/categories?post=12421"},{"taxonomy":"post_tag","embeddable":true,"href":"https:\/\/munisanjuanermita.gob.gt\/index.php\/wp-json\/wp\/v2\/tags?post=12421"}],"curies":[{"name":"wp","href":"https:\/\/api.w.org\/{rel}","templated":true}]}}