{"id":11696,"date":"2025-01-08T12:46:56","date_gmt":"2025-01-08T12:46:56","guid":{"rendered":"https:\/\/munisanjuanermita.gob.gt\/?p=11696"},"modified":"2025-01-14T17:32:21","modified_gmt":"2025-01-14T17:32:21","slug":"municipalidad-realiza-reunion-ordinaria-de-comude-con-participacion-de-lideresas-comunitarias","status":"publish","type":"post","link":"https:\/\/munisanjuanermita.gob.gt\/index.php\/2025\/01\/08\/municipalidad-realiza-reunion-ordinaria-de-comude-con-participacion-de-lideresas-comunitarias\/","title":{"rendered":"Municipalidad Realiza Reuni\u00f3n Ordinaria de COMUDE con Participaci\u00f3n de Lideresas Comunitarias"},"content":{"rendered":"<div class=\"xdj266r x11i5rnm xat24cr x1mh8g0r x1vvkbs x126k92a\">\n<div dir=\"auto\" style=\"text-align: justify;\">Municipalidad de San Juan Ermita llev\u00f3 a cabo la reuni\u00f3n ordinaria de <strong>COMUDE<\/strong> donde se trataron los temas con relaci\u00f3n a los proyectos trabajados, la activaci\u00f3n de la <strong>COMUSAN<\/strong>, entre otros.<\/div>\n<\/div>\n<div class=\"x11i5rnm xat24cr x1mh8g0r x1vvkbs xtlvy1s x126k92a\">\n<div dir=\"auto\" style=\"text-align: justify;\">Adem\u00e1s se cont\u00f3 con la participaci\u00f3n de las lideresas comunitarias.<\/div>\n<div dir=\"auto\">Seguimos <span class=\"html-span xdj266r x11i5rnm xat24cr x1mh8g0r xexx8yu x4uap5 x18d9i69 xkhd6sd x1hl2dhg x16tdsg8 x1vvkbs\"><a class=\"x1i10hfl xjbqb8w x1ejq31n xd10rxx x1sy0etr x17r0tee x972fbf xcfux6l x1qhh985 xm0m39n x9f619 x1ypdohk xt0psk2 xe8uvvx xdj266r x11i5rnm xat24cr x1mh8g0r xexx8yu x4uap5 x18d9i69 xkhd6sd x16tdsg8 x1hl2dhg xggy1nq x1a2a7pz x1sur9pj xkrqix3 x1fey0fg x1s688f\" tabindex=\"0\" role=\"link\" href=\"https:\/\/www.facebook.com\/hashtag\/trabajandosinparar?__eep__=6&amp;__cft__[0]=AZUJ130hHWREQjlA8FwRqmBiHwhm1yDzQ1LGpwoZ9ug9-U2uWdG7ejisct24NyiwcqxjlJFGurN989ja11HzTDWkgMi_oqNErjCOqrYxNuxOMnqD6KpfE6JtVy99YeERBTY-zqQXrx00FC3HNMRp6k8rv8Z8rE-LlSpX78iD8p4wdkagcirpmbJnGrr3gyAIj8QssWRwQo0A5VafFHNfv6y5&amp;__tn__=*NK-R\" target=\"_blank\" rel=\"noopener\">#TrabajandoSinParar<\/a><\/span><\/div>\n<div dir=\"auto\">\n<div><\/div>\n<\/div>\n<\/div>\n","protected":false},"excerpt":{"rendered":"<p>Municipalidad de San Juan Ermita llev\u00f3 a cabo la reuni\u00f3n ordinaria de COMUDE donde se trataron los temas con relaci\u00f3n a los proyectos trabajados, la activaci\u00f3n de la COMUSAN, entre otros. Adem\u00e1s se cont\u00f3 con la participaci\u00f3n de las lideresas comunitarias. Seguimos #TrabajandoSinParar<\/p>\n","protected":false},"author":1,"featured_media":11682,"comment_status":"closed","ping_status":"open","sticky":false,"template":"","format":"gallery","meta":{"footnotes":""},"categories":[67],"tags":[62],"class_list":["post-11696","post","type-post","status-publish","format-gallery","has-post-thumbnail","hentry","category-desarrollo-social","tag-portada","post_format-post-format-gallery"],"_links":{"self":[{"href":"https:\/\/munisanjuanermita.gob.gt\/index.php\/wp-json\/wp\/v2\/posts\/11696","targetHints":{"allow":["GET"]}}],"collection":[{"href":"https:\/\/munisanjuanermita.gob.gt\/index.php\/wp-json\/wp\/v2\/posts"}],"about":[{"href":"https:\/\/munisanjuanermita.gob.gt\/index.php\/wp-json\/wp\/v2\/types\/post"}],"author":[{"embeddable":true,"href":"https:\/\/munisanjuanermita.gob.gt\/index.php\/wp-json\/wp\/v2\/users\/1"}],"replies":[{"embeddable":true,"href":"https:\/\/munisanjuanermita.gob.gt\/index.php\/wp-json\/wp\/v2\/comments?post=11696"}],"version-history":[{"count":2,"href":"https:\/\/munisanjuanermita.gob.gt\/index.php\/wp-json\/wp\/v2\/posts\/11696\/revisions"}],"predecessor-version":[{"id":11698,"href":"https:\/\/munisanjuanermita.gob.gt\/index.php\/wp-json\/wp\/v2\/posts\/11696\/revisions\/11698"}],"wp:featuredmedia":[{"embeddable":true,"href":"https:\/\/munisanjuanermita.gob.gt\/index.php\/wp-json\/wp\/v2\/media\/11682"}],"wp:attachment":[{"href":"https:\/\/munisanjuanermita.gob.gt\/index.php\/wp-json\/wp\/v2\/media?parent=11696"}],"wp:term":[{"taxonomy":"category","embeddable":true,"href":"https:\/\/munisanjuanermita.gob.gt\/index.php\/wp-json\/wp\/v2\/categories?post=11696"},{"taxonomy":"post_tag","embeddable":true,"href":"https:\/\/munisanjuanermita.gob.gt\/index.php\/wp-json\/wp\/v2\/tags?post=11696"}],"curies":[{"name":"wp","href":"https:\/\/api.w.org\/{rel}","templated":true}]}}