{"id":11605,"date":"2024-12-23T12:12:21","date_gmt":"2024-12-23T12:12:21","guid":{"rendered":"https:\/\/munisanjuanermita.gob.gt\/?p=11605"},"modified":"2024-12-25T01:21:59","modified_gmt":"2024-12-25T01:21:59","slug":"desfile-hipico-recorre-las-calles-principales-en-el-ultimo-dia-de-la-feria","status":"publish","type":"post","link":"https:\/\/munisanjuanermita.gob.gt\/index.php\/2024\/12\/23\/desfile-hipico-recorre-las-calles-principales-en-el-ultimo-dia-de-la-feria\/","title":{"rendered":"Desfile H\u00edpico Recorre las Calles Principales en el \u00daltimo D\u00eda de la Feria"},"content":{"rendered":"<p><a class=\"x1i10hfl xjbqb8w x1ejq31n xd10rxx x1sy0etr x17r0tee x972fbf xcfux6l x1qhh985 xm0m39n x9f619 x1ypdohk xt0psk2 xe8uvvx xdj266r x11i5rnm xat24cr x1mh8g0r xexx8yu x4uap5 x18d9i69 xkhd6sd x16tdsg8 x1hl2dhg xggy1nq x1a2a7pz x1sur9pj xkrqix3 x1fey0fg x1s688f\" tabindex=\"0\" role=\"link\" href=\"https:\/\/www.facebook.com\/hashtag\/feriasanjuanermita?__eep__=6&amp;__cft__[0]=AZWxuItk59KvRfmnb4EUj3SWJ-igz0zr7V6_2QOKAAgFDYRqKhiyJkkAWKJ36HDDMDvXQXLvTM0AUOnqLD_R86XL4ZJUovJ1CDFIjsThihOo67IUMQBzRmzjtTT3dWICGwyB8r8y0KBg-uONSNJdj9pOS9upvDf1JKFIqRrGhoznthpJayqqXHko-DmfSBljmmOczW9EwXKBztaHG_mnYTME&amp;__tn__=*NK-R\" target=\"_blank\" rel=\"noopener\">#feriasanjuanermita<\/a><\/p>\n<div><\/div>\n<div><a href=\"https:\/\/www.facebook.com\/share\/1GNrm68HVP\/\" target=\"_blank\" rel=\"noopener\"><img loading=\"lazy\" decoding=\"async\" class=\"alignleft wp-image-11543\" title=\"Ver Galer\u00eda \" src=\"https:\/\/munisanjuanermita.gob.gt\/wp-content\/uploads\/2024\/12\/facebook-galeria-en-facebook-300x117-1.jpg\" alt=\"\" width=\"185\" height=\"72\" \/><\/a><\/div>\n","protected":false},"excerpt":{"rendered":"<p>#feriasanjuanermita<\/p>\n","protected":false},"author":1,"featured_media":11596,"comment_status":"closed","ping_status":"open","sticky":false,"template":"","format":"gallery","meta":{"footnotes":""},"categories":[115],"tags":[62],"class_list":["post-11605","post","type-post","status-publish","format-gallery","has-post-thumbnail","hentry","category-feria-titular","tag-portada","post_format-post-format-gallery"],"_links":{"self":[{"href":"https:\/\/munisanjuanermita.gob.gt\/index.php\/wp-json\/wp\/v2\/posts\/11605","targetHints":{"allow":["GET"]}}],"collection":[{"href":"https:\/\/munisanjuanermita.gob.gt\/index.php\/wp-json\/wp\/v2\/posts"}],"about":[{"href":"https:\/\/munisanjuanermita.gob.gt\/index.php\/wp-json\/wp\/v2\/types\/post"}],"author":[{"embeddable":true,"href":"https:\/\/munisanjuanermita.gob.gt\/index.php\/wp-json\/wp\/v2\/users\/1"}],"replies":[{"embeddable":true,"href":"https:\/\/munisanjuanermita.gob.gt\/index.php\/wp-json\/wp\/v2\/comments?post=11605"}],"version-history":[{"count":1,"href":"https:\/\/munisanjuanermita.gob.gt\/index.php\/wp-json\/wp\/v2\/posts\/11605\/revisions"}],"predecessor-version":[{"id":11606,"href":"https:\/\/munisanjuanermita.gob.gt\/index.php\/wp-json\/wp\/v2\/posts\/11605\/revisions\/11606"}],"wp:featuredmedia":[{"embeddable":true,"href":"https:\/\/munisanjuanermita.gob.gt\/index.php\/wp-json\/wp\/v2\/media\/11596"}],"wp:attachment":[{"href":"https:\/\/munisanjuanermita.gob.gt\/index.php\/wp-json\/wp\/v2\/media?parent=11605"}],"wp:term":[{"taxonomy":"category","embeddable":true,"href":"https:\/\/munisanjuanermita.gob.gt\/index.php\/wp-json\/wp\/v2\/categories?post=11605"},{"taxonomy":"post_tag","embeddable":true,"href":"https:\/\/munisanjuanermita.gob.gt\/index.php\/wp-json\/wp\/v2\/tags?post=11605"}],"curies":[{"name":"wp","href":"https:\/\/api.w.org\/{rel}","templated":true}]}}