{"id":10834,"date":"2024-12-06T14:58:12","date_gmt":"2024-12-06T14:58:12","guid":{"rendered":"https:\/\/munisanjuanermita.gob.gt\/?p=10834"},"modified":"2024-12-10T14:33:48","modified_gmt":"2024-12-10T14:33:48","slug":"la-encendida-del-arbol-navideno-en-el-parque-central-de-san-juan-ermita-una-celebracion-inolvidable","status":"publish","type":"post","link":"https:\/\/munisanjuanermita.gob.gt\/index.php\/2024\/12\/06\/la-encendida-del-arbol-navideno-en-el-parque-central-de-san-juan-ermita-una-celebracion-inolvidable\/","title":{"rendered":"La Encendida del \u00c1rbol Navide\u00f1o en el Parque Central de San Juan Ermita: Una Celebraci\u00f3n Inolvidable"},"content":{"rendered":"<p>La noche del viernes 06 de diciembre, el Parque Central de San Juan Ermita se visti\u00f3 de luces y alegr\u00eda para celebrar la tradicional encendida del \u00c1rbol Navide\u00f1o, un evento que reuni\u00f3 a cientos de vecinos de la comunidad. Con entusiasmo, grandes y peque\u00f1os disfrutaron de diversas actividades preparadas para dar la bienvenida a la temporada navide\u00f1a. La festividad, llena de m\u00fasica, luces y buena compa\u00f1\u00eda, marc\u00f3 el inicio de las celebraciones de fin de a\u00f1o, creando recuerdos imborrables para todos los asistentes.<\/p>\n<div><br \/>\n<span class=\"x193iq5w xeuugli x13faqbe x1vvkbs x1xmvt09 x1lliihq x1s928wv xhkezso x1gmr53x x1cpjm7i x1fgarty x1943h6x xudqn12 x3x7a5m x6prxxf xvq8zen xo1l8bm xzsf02u x1yc453h\" dir=\"auto\"><span class=\"html-span xdj266r x11i5rnm xat24cr x1mh8g0r xexx8yu x4uap5 x18d9i69 xkhd6sd x1hl2dhg x16tdsg8 x1vvkbs\"><a class=\"x1i10hfl xjbqb8w x1ejq31n xd10rxx x1sy0etr x17r0tee x972fbf xcfux6l x1qhh985 xm0m39n x9f619 x1ypdohk xt0psk2 xe8uvvx xdj266r x11i5rnm xat24cr x1mh8g0r xexx8yu x4uap5 x18d9i69 xkhd6sd x16tdsg8 x1hl2dhg xggy1nq x1a2a7pz x1sur9pj xkrqix3 x1fey0fg x1s688f\" tabindex=\"0\" role=\"link\" href=\"https:\/\/www.facebook.com\/hashtag\/trabajandosinparar?__eep__=6&amp;__cft__[0]=AZXyr1qrnAHuILLOKGzUnOj4QnF-_Rnmv6DjnVQOfWZ7rtOQ_t-6_jrjxiOXA3Oo8gXpl-N4t06I1I5guCWJ8G3ye2_JrD3QV8uJ1lfnaiykTtYlRZgEHugOndxl1yVbWusB6cEak-5v3AmSUHwv43RmA9bkmgrJYtRvcO_sWMJCCDHYhhvl1JzUQd7HvjCM0X-7OMsgCqqI4KxRsEUB4U8T&amp;__tn__=*NK-R\" target=\"_blank\" rel=\"noopener\">#TrabajandoSinParar<\/a><\/span><\/span><\/div>\n","protected":false},"excerpt":{"rendered":"<p>La noche del viernes 06 de diciembre, el Parque Central de San Juan Ermita se visti\u00f3 de luces y alegr\u00eda para celebrar la tradicional encendida del \u00c1rbol Navide\u00f1o, un evento que reuni\u00f3 a cientos de vecinos de la comunidad. Con entusiasmo, grandes y peque\u00f1os disfrutaron de diversas actividades preparadas para dar la bienvenida a la [&hellip;]<\/p>\n","protected":false},"author":1,"featured_media":10860,"comment_status":"closed","ping_status":"open","sticky":false,"template":"","format":"gallery","meta":{"footnotes":""},"categories":[111,112],"tags":[62],"class_list":["post-10834","post","type-post","status-publish","format-gallery","has-post-thumbnail","hentry","category-eventos","category-tradiciones","tag-portada","post_format-post-format-gallery"],"_links":{"self":[{"href":"https:\/\/munisanjuanermita.gob.gt\/index.php\/wp-json\/wp\/v2\/posts\/10834","targetHints":{"allow":["GET"]}}],"collection":[{"href":"https:\/\/munisanjuanermita.gob.gt\/index.php\/wp-json\/wp\/v2\/posts"}],"about":[{"href":"https:\/\/munisanjuanermita.gob.gt\/index.php\/wp-json\/wp\/v2\/types\/post"}],"author":[{"embeddable":true,"href":"https:\/\/munisanjuanermita.gob.gt\/index.php\/wp-json\/wp\/v2\/users\/1"}],"replies":[{"embeddable":true,"href":"https:\/\/munisanjuanermita.gob.gt\/index.php\/wp-json\/wp\/v2\/comments?post=10834"}],"version-history":[{"count":2,"href":"https:\/\/munisanjuanermita.gob.gt\/index.php\/wp-json\/wp\/v2\/posts\/10834\/revisions"}],"predecessor-version":[{"id":10866,"href":"https:\/\/munisanjuanermita.gob.gt\/index.php\/wp-json\/wp\/v2\/posts\/10834\/revisions\/10866"}],"wp:featuredmedia":[{"embeddable":true,"href":"https:\/\/munisanjuanermita.gob.gt\/index.php\/wp-json\/wp\/v2\/media\/10860"}],"wp:attachment":[{"href":"https:\/\/munisanjuanermita.gob.gt\/index.php\/wp-json\/wp\/v2\/media?parent=10834"}],"wp:term":[{"taxonomy":"category","embeddable":true,"href":"https:\/\/munisanjuanermita.gob.gt\/index.php\/wp-json\/wp\/v2\/categories?post=10834"},{"taxonomy":"post_tag","embeddable":true,"href":"https:\/\/munisanjuanermita.gob.gt\/index.php\/wp-json\/wp\/v2\/tags?post=10834"}],"curies":[{"name":"wp","href":"https:\/\/api.w.org\/{rel}","templated":true}]}}