{"id":10811,"date":"2024-12-06T12:07:48","date_gmt":"2024-12-06T12:07:48","guid":{"rendered":"https:\/\/munisanjuanermita.gob.gt\/?p=10811"},"modified":"2024-12-06T21:10:34","modified_gmt":"2024-12-06T21:10:34","slug":"entrega-del-remozamiento-del-ineb-de-telesecundaria-de-salitron","status":"publish","type":"post","link":"https:\/\/munisanjuanermita.gob.gt\/index.php\/2024\/12\/06\/entrega-del-remozamiento-del-ineb-de-telesecundaria-de-salitron\/","title":{"rendered":"Entrega del Remozamiento del INEB de Telesecundaria de Salitr\u00f3n"},"content":{"rendered":"<p>La <strong>entrega del remozamiento del INEB de Telesecundaria de Salitr\u00f3n<\/strong> fue un evento lleno de alegr\u00eda y orgullo para la comunidad educativa. En la actividad, que cont\u00f3 con la participaci\u00f3n de autoridades <strong>municipales, departamentales y educativas<\/strong>, se destac\u00f3 la mejora en las instalaciones del centro educativo. Adem\u00e1s, se anunci\u00f3 con entusiasmo que, a partir de ahora, <strong>dos nuevos maestros<\/strong> se incorporar\u00e1n al equipo docente, lo que fortalecer\u00e1 la ense\u00f1anza y apoyar\u00e1 el desarrollo acad\u00e9mico de los estudiantes. Este avance refleja el compromiso por ofrecer mejores condiciones educativas para todos los j\u00f3venes de la comunidad.<\/p>\n<div><\/div>\n<p>&nbsp;<\/p>\n","protected":false},"excerpt":{"rendered":"<p>La entrega del remozamiento del INEB de Telesecundaria de Salitr\u00f3n fue un evento lleno de alegr\u00eda y orgullo para la comunidad educativa. En la actividad, que cont\u00f3 con la participaci\u00f3n de autoridades municipales, departamentales y educativas, se destac\u00f3 la mejora en las instalaciones del centro educativo. Adem\u00e1s, se anunci\u00f3 con entusiasmo que, a partir de [&hellip;]<\/p>\n","protected":false},"author":1,"featured_media":10813,"comment_status":"closed","ping_status":"open","sticky":false,"template":"","format":"gallery","meta":{"footnotes":""},"categories":[67,73],"tags":[62],"class_list":["post-10811","post","type-post","status-publish","format-gallery","has-post-thumbnail","hentry","category-desarrollo-social","category-educacion","tag-portada","post_format-post-format-gallery"],"_links":{"self":[{"href":"https:\/\/munisanjuanermita.gob.gt\/index.php\/wp-json\/wp\/v2\/posts\/10811","targetHints":{"allow":["GET"]}}],"collection":[{"href":"https:\/\/munisanjuanermita.gob.gt\/index.php\/wp-json\/wp\/v2\/posts"}],"about":[{"href":"https:\/\/munisanjuanermita.gob.gt\/index.php\/wp-json\/wp\/v2\/types\/post"}],"author":[{"embeddable":true,"href":"https:\/\/munisanjuanermita.gob.gt\/index.php\/wp-json\/wp\/v2\/users\/1"}],"replies":[{"embeddable":true,"href":"https:\/\/munisanjuanermita.gob.gt\/index.php\/wp-json\/wp\/v2\/comments?post=10811"}],"version-history":[{"count":2,"href":"https:\/\/munisanjuanermita.gob.gt\/index.php\/wp-json\/wp\/v2\/posts\/10811\/revisions"}],"predecessor-version":[{"id":10832,"href":"https:\/\/munisanjuanermita.gob.gt\/index.php\/wp-json\/wp\/v2\/posts\/10811\/revisions\/10832"}],"wp:featuredmedia":[{"embeddable":true,"href":"https:\/\/munisanjuanermita.gob.gt\/index.php\/wp-json\/wp\/v2\/media\/10813"}],"wp:attachment":[{"href":"https:\/\/munisanjuanermita.gob.gt\/index.php\/wp-json\/wp\/v2\/media?parent=10811"}],"wp:term":[{"taxonomy":"category","embeddable":true,"href":"https:\/\/munisanjuanermita.gob.gt\/index.php\/wp-json\/wp\/v2\/categories?post=10811"},{"taxonomy":"post_tag","embeddable":true,"href":"https:\/\/munisanjuanermita.gob.gt\/index.php\/wp-json\/wp\/v2\/tags?post=10811"}],"curies":[{"name":"wp","href":"https:\/\/api.w.org\/{rel}","templated":true}]}}