{"id":10791,"date":"2024-12-05T15:02:52","date_gmt":"2024-12-05T15:02:52","guid":{"rendered":"https:\/\/munisanjuanermita.gob.gt\/?p=10791"},"modified":"2024-12-06T20:58:54","modified_gmt":"2024-12-06T20:58:54","slug":"conmemoracion-del-dia-internacional-de-las-personas-con-discapacidad-foro-consultivo-sobre-derechos-humanos","status":"publish","type":"post","link":"https:\/\/munisanjuanermita.gob.gt\/index.php\/2024\/12\/05\/conmemoracion-del-dia-internacional-de-las-personas-con-discapacidad-foro-consultivo-sobre-derechos-humanos\/","title":{"rendered":"Conmemoraci\u00f3n del D\u00eda Internacional de las Personas con Discapacidad: Foro Consultivo sobre Derechos Humanos"},"content":{"rendered":"<p style=\"text-align: justify;\">El pasado <strong>martes 3 de diciembre<\/strong>, se celebr\u00f3 el <strong>D\u00eda Internacional de las Personas con Discapacidad<\/strong> con una significativa actividad organizada en colaboraci\u00f3n con <strong>Rompiendo L\u00edmites<\/strong>. El evento recibi\u00f3 a personas de diversas localidades, como <strong>Jocot\u00e1n, Camot\u00e1n, Chiquimula y San Juan Ermita<\/strong>. Durante la jornada, se desarroll\u00f3 un <strong>foro consultivo sobre derechos humanos<\/strong>, en el cual los panelistas fueron personas con discapacidad, quienes compartieron sus experiencias y reflexiones. Esta conmemoraci\u00f3n resalt\u00f3 la importancia de la inclusi\u00f3n, el respeto y la defensa de los derechos de las personas con discapacidad en nuestra sociedad.<\/p>\n<div><\/div>\n","protected":false},"excerpt":{"rendered":"<p>El pasado martes 3 de diciembre, se celebr\u00f3 el D\u00eda Internacional de las Personas con Discapacidad con una significativa actividad organizada en colaboraci\u00f3n con Rompiendo L\u00edmites. El evento recibi\u00f3 a personas de diversas localidades, como Jocot\u00e1n, Camot\u00e1n, Chiquimula y San Juan Ermita. Durante la jornada, se desarroll\u00f3 un foro consultivo sobre derechos humanos, en el [&hellip;]<\/p>\n","protected":false},"author":1,"featured_media":10807,"comment_status":"closed","ping_status":"open","sticky":false,"template":"","format":"gallery","meta":{"footnotes":""},"categories":[100],"tags":[62],"class_list":["post-10791","post","type-post","status-publish","format-gallery","has-post-thumbnail","hentry","category-inclusion-y-derechos-humanos","tag-portada","post_format-post-format-gallery"],"_links":{"self":[{"href":"https:\/\/munisanjuanermita.gob.gt\/index.php\/wp-json\/wp\/v2\/posts\/10791","targetHints":{"allow":["GET"]}}],"collection":[{"href":"https:\/\/munisanjuanermita.gob.gt\/index.php\/wp-json\/wp\/v2\/posts"}],"about":[{"href":"https:\/\/munisanjuanermita.gob.gt\/index.php\/wp-json\/wp\/v2\/types\/post"}],"author":[{"embeddable":true,"href":"https:\/\/munisanjuanermita.gob.gt\/index.php\/wp-json\/wp\/v2\/users\/1"}],"replies":[{"embeddable":true,"href":"https:\/\/munisanjuanermita.gob.gt\/index.php\/wp-json\/wp\/v2\/comments?post=10791"}],"version-history":[{"count":2,"href":"https:\/\/munisanjuanermita.gob.gt\/index.php\/wp-json\/wp\/v2\/posts\/10791\/revisions"}],"predecessor-version":[{"id":10810,"href":"https:\/\/munisanjuanermita.gob.gt\/index.php\/wp-json\/wp\/v2\/posts\/10791\/revisions\/10810"}],"wp:featuredmedia":[{"embeddable":true,"href":"https:\/\/munisanjuanermita.gob.gt\/index.php\/wp-json\/wp\/v2\/media\/10807"}],"wp:attachment":[{"href":"https:\/\/munisanjuanermita.gob.gt\/index.php\/wp-json\/wp\/v2\/media?parent=10791"}],"wp:term":[{"taxonomy":"category","embeddable":true,"href":"https:\/\/munisanjuanermita.gob.gt\/index.php\/wp-json\/wp\/v2\/categories?post=10791"},{"taxonomy":"post_tag","embeddable":true,"href":"https:\/\/munisanjuanermita.gob.gt\/index.php\/wp-json\/wp\/v2\/tags?post=10791"}],"curies":[{"name":"wp","href":"https:\/\/api.w.org\/{rel}","templated":true}]}}