{"id":10773,"date":"2024-12-03T15:20:20","date_gmt":"2024-12-03T15:20:20","guid":{"rendered":"https:\/\/munisanjuanermita.gob.gt\/?p=10773"},"modified":"2024-12-04T14:22:24","modified_gmt":"2024-12-04T14:22:24","slug":"encendida-del-arbol-navideno","status":"publish","type":"post","link":"https:\/\/munisanjuanermita.gob.gt\/index.php\/2024\/12\/03\/encendida-del-arbol-navideno\/","title":{"rendered":"Encendida Del \u00c1rbol Navide\u00f1o"},"content":{"rendered":"<p>En el parque central se llevar\u00e1 a cabo est\u00e1 gran actividad, ven con tu familia y disfruta del inicio de las fiestas de fin de a\u00f1o.<\/p>\n<p><a href=\"https:\/\/www.facebook.com\/hashtag\/trabajandosinparar?__eep__=6&amp;__cft__%5b0%5d=AZXxrlF7skahhIhDQAB8l_N1yl2Kwtv3esWV2Zl7vGPzx6jhPMbYNreCdVxM-2VP6xzNTWzEjrkyEZ7bhy76cItqkuvI4rsnHwDRT7LxpuQW27840pTDDr1qzP0AB0p9xdRGAq8cyM_zq8HufLEz5Q4_LYaFpXwcw4IZsjSDtdezt_SBFmddRBdZAQSEx8L7DWVqG7M8c6fGi2bU4ktwp-FX&amp;__tn__=*NK-R\" target=\"_blank\" rel=\"noopener\">#TrabajandoSinParar<\/a><br \/>\n<a href=\"https:\/\/www.facebook.com\/hashtag\/%C3%A1rbolnavide%C3%B1o?__eep__=6&amp;__cft__%5b0%5d=AZXxrlF7skahhIhDQAB8l_N1yl2Kwtv3esWV2Zl7vGPzx6jhPMbYNreCdVxM-2VP6xzNTWzEjrkyEZ7bhy76cItqkuvI4rsnHwDRT7LxpuQW27840pTDDr1qzP0AB0p9xdRGAq8cyM_zq8HufLEz5Q4_LYaFpXwcw4IZsjSDtdezt_SBFmddRBdZAQSEx8L7DWVqG7M8c6fGi2bU4ktwp-FX&amp;__tn__=*NK-R\" target=\"_blank\" rel=\"noopener\">#\u00c1rbolNavide\u00f1o<\/a><\/p>\n<div style=\"width: 1200px;\" class=\"wp-video\"><video class=\"wp-video-shortcode\" id=\"video-10773-1\" width=\"1200\" height=\"675\" preload=\"auto\" controls=\"controls\"><source type=\"video\/mp4\" src=\"https:\/\/munisanjuanermita.gob.gt\/wp-content\/uploads\/2024\/12\/video1.mp4?_=1\" \/><a href=\"https:\/\/munisanjuanermita.gob.gt\/wp-content\/uploads\/2024\/12\/video1.mp4\">https:\/\/munisanjuanermita.gob.gt\/wp-content\/uploads\/2024\/12\/video1.mp4<\/a><\/video><\/div>\n","protected":false},"excerpt":{"rendered":"<p>En el parque central se llevar\u00e1 a cabo est\u00e1 gran actividad, ven con tu familia y disfruta del inicio de las fiestas de fin de a\u00f1o. #TrabajandoSinParar #\u00c1rbolNavide\u00f1o<\/p>\n","protected":false},"author":1,"featured_media":10774,"comment_status":"closed","ping_status":"open","sticky":false,"template":"","format":"video","meta":{"footnotes":""},"categories":[67],"tags":[62],"class_list":["post-10773","post","type-post","status-publish","format-video","has-post-thumbnail","hentry","category-desarrollo-social","tag-portada","post_format-post-format-video"],"_links":{"self":[{"href":"https:\/\/munisanjuanermita.gob.gt\/index.php\/wp-json\/wp\/v2\/posts\/10773","targetHints":{"allow":["GET"]}}],"collection":[{"href":"https:\/\/munisanjuanermita.gob.gt\/index.php\/wp-json\/wp\/v2\/posts"}],"about":[{"href":"https:\/\/munisanjuanermita.gob.gt\/index.php\/wp-json\/wp\/v2\/types\/post"}],"author":[{"embeddable":true,"href":"https:\/\/munisanjuanermita.gob.gt\/index.php\/wp-json\/wp\/v2\/users\/1"}],"replies":[{"embeddable":true,"href":"https:\/\/munisanjuanermita.gob.gt\/index.php\/wp-json\/wp\/v2\/comments?post=10773"}],"version-history":[{"count":3,"href":"https:\/\/munisanjuanermita.gob.gt\/index.php\/wp-json\/wp\/v2\/posts\/10773\/revisions"}],"predecessor-version":[{"id":10779,"href":"https:\/\/munisanjuanermita.gob.gt\/index.php\/wp-json\/wp\/v2\/posts\/10773\/revisions\/10779"}],"wp:featuredmedia":[{"embeddable":true,"href":"https:\/\/munisanjuanermita.gob.gt\/index.php\/wp-json\/wp\/v2\/media\/10774"}],"wp:attachment":[{"href":"https:\/\/munisanjuanermita.gob.gt\/index.php\/wp-json\/wp\/v2\/media?parent=10773"}],"wp:term":[{"taxonomy":"category","embeddable":true,"href":"https:\/\/munisanjuanermita.gob.gt\/index.php\/wp-json\/wp\/v2\/categories?post=10773"},{"taxonomy":"post_tag","embeddable":true,"href":"https:\/\/munisanjuanermita.gob.gt\/index.php\/wp-json\/wp\/v2\/tags?post=10773"}],"curies":[{"name":"wp","href":"https:\/\/api.w.org\/{rel}","templated":true}]}}