{"id":10745,"date":"2024-11-29T16:34:18","date_gmt":"2024-11-29T16:34:18","guid":{"rendered":"https:\/\/munisanjuanermita.gob.gt\/?p=10745"},"modified":"2024-11-29T22:43:30","modified_gmt":"2024-11-29T22:43:30","slug":"preparativos-para-epoca-navidena","status":"publish","type":"post","link":"https:\/\/munisanjuanermita.gob.gt\/index.php\/2024\/11\/29\/preparativos-para-epoca-navidena\/","title":{"rendered":"Preparativos Para \u00c9poca Navide\u00f1a"},"content":{"rendered":"<p style=\"text-align: justify;\">San Juan Ermita se prepara para encender su \u00e1rbol navide\u00f1o y compartir con todos los vecinos la mejor \u00e9poca del a\u00f1o.<\/p>\n<p style=\"text-align: justify;\">Atentos a m\u00e1s informaci\u00f3n&#8230;<\/p>\n<p>Seguimos <a href=\"https:\/\/www.facebook.com\/hashtag\/trabajandosinparar?__eep__=6&amp;__cft__%5b0%5d=AZXTfSsoydL1vfUeqLyDm0i-AMumgMb7RyaWse6YqfIy00U2R9wIyU8c9UtHfQiEdjWi_SVgJlInELi9eZApvaFyk3d65NNpb9uV5kpD9GzSKqixn7ng-6HUO7Ubk2lo6sZKYXP06AFOwdvGWN22MJSpSI4cTgQJDj4x31z0TykfKfr7kprhZAnSQICNwP0fDAvzFfiP_lg47Plsz77gqEpr&amp;__tn__=*NK-R\" target=\"_blank\" rel=\"noopener\">#TrabajandoSinParar<\/a><\/p>\n<div><\/div>\n","protected":false},"excerpt":{"rendered":"<p>San Juan Ermita se prepara para encender su \u00e1rbol navide\u00f1o y compartir con todos los vecinos la mejor \u00e9poca del a\u00f1o. Atentos a m\u00e1s informaci\u00f3n&#8230; Seguimos #TrabajandoSinParar<\/p>\n","protected":false},"author":1,"featured_media":10749,"comment_status":"closed","ping_status":"open","sticky":false,"template":"","format":"gallery","meta":{"footnotes":""},"categories":[92,98],"tags":[62],"class_list":["post-10745","post","type-post","status-publish","format-gallery","has-post-thumbnail","hentry","category-eventos-civicos","category-tradicion","tag-portada","post_format-post-format-gallery"],"_links":{"self":[{"href":"https:\/\/munisanjuanermita.gob.gt\/index.php\/wp-json\/wp\/v2\/posts\/10745","targetHints":{"allow":["GET"]}}],"collection":[{"href":"https:\/\/munisanjuanermita.gob.gt\/index.php\/wp-json\/wp\/v2\/posts"}],"about":[{"href":"https:\/\/munisanjuanermita.gob.gt\/index.php\/wp-json\/wp\/v2\/types\/post"}],"author":[{"embeddable":true,"href":"https:\/\/munisanjuanermita.gob.gt\/index.php\/wp-json\/wp\/v2\/users\/1"}],"replies":[{"embeddable":true,"href":"https:\/\/munisanjuanermita.gob.gt\/index.php\/wp-json\/wp\/v2\/comments?post=10745"}],"version-history":[{"count":2,"href":"https:\/\/munisanjuanermita.gob.gt\/index.php\/wp-json\/wp\/v2\/posts\/10745\/revisions"}],"predecessor-version":[{"id":10752,"href":"https:\/\/munisanjuanermita.gob.gt\/index.php\/wp-json\/wp\/v2\/posts\/10745\/revisions\/10752"}],"wp:featuredmedia":[{"embeddable":true,"href":"https:\/\/munisanjuanermita.gob.gt\/index.php\/wp-json\/wp\/v2\/media\/10749"}],"wp:attachment":[{"href":"https:\/\/munisanjuanermita.gob.gt\/index.php\/wp-json\/wp\/v2\/media?parent=10745"}],"wp:term":[{"taxonomy":"category","embeddable":true,"href":"https:\/\/munisanjuanermita.gob.gt\/index.php\/wp-json\/wp\/v2\/categories?post=10745"},{"taxonomy":"post_tag","embeddable":true,"href":"https:\/\/munisanjuanermita.gob.gt\/index.php\/wp-json\/wp\/v2\/tags?post=10745"}],"curies":[{"name":"wp","href":"https:\/\/api.w.org\/{rel}","templated":true}]}}